{"id":603,"date":"2026-06-28T18:00:00","date_gmt":"2026-06-28T18:00:00","guid":{"rendered":"https:\/\/temps-lies.ch\/?p=603"},"modified":"2026-07-07T18:15:55","modified_gmt":"2026-07-07T18:15:55","slug":"25eme-assemblee-generale-de-latl","status":"publish","type":"post","link":"https:\/\/temps-lies.ch\/?p=603","title":{"rendered":"25\u00e8me Assembl\u00e9e g\u00e9n\u00e9rale de l&#8217;ATL"},"content":{"rendered":"\n<p class=\"wp-block-paragraph\">La 25\u00e8me Assembl\u00e9e g\u00e9n\u00e9rale de l&#8217;Association Temps Li\u00e9s s&#8217;est tenue \u00e0 l&#8217;Ecole de Danse IMB \u00e0 Del\u00e9mont, le samedi 24 janvier 2026. Consultez le <a href=\"http:\/\/temps-lies.ch\/wp-content\/uploads\/2026\/06\/PV_AG_2026.pdf\" data-type=\"link\" data-id=\"http:\/\/temps-lies.ch\/wp-content\/uploads\/2026\/06\/PV_AG_2026.pdf\" target=\"_blank\" rel=\"noreferrer noopener\">proc\u00e8s-verbal<\/a> pour plus de d\u00e9tails.<\/p>\n\n\n\n<p class=\"wp-block-paragraph\"><\/p>\n","protected":false},"excerpt":{"rendered":"<p>La 25\u00e8me Assembl\u00e9e g\u00e9n\u00e9rale de l&#8217;Association Temps Li\u00e9s s&#8217;est tenue \u00e0 l&#8217;Ecole de Danse IMB \u00e0 Del\u00e9mont, le samedi 24 janvier 2026. Consultez le proc\u00e8s-verbal pour plus de d\u00e9tails.<\/p>\n","protected":false},"author":2,"featured_media":0,"comment_status":"closed","ping_status":"closed","sticky":false,"template":"","format":"standard","meta":{"footnotes":""},"categories":[1],"tags":[],"class_list":["post-603","post","type-post","status-publish","format-standard","hentry","category-uncategorized"],"_links":{"self":[{"href":"https:\/\/temps-lies.ch\/index.php?rest_route=\/wp\/v2\/posts\/603","targetHints":{"allow":["GET"]}}],"collection":[{"href":"https:\/\/temps-lies.ch\/index.php?rest_route=\/wp\/v2\/posts"}],"about":[{"href":"https:\/\/temps-lies.ch\/index.php?rest_route=\/wp\/v2\/types\/post"}],"author":[{"embeddable":true,"href":"https:\/\/temps-lies.ch\/index.php?rest_route=\/wp\/v2\/users\/2"}],"replies":[{"embeddable":true,"href":"https:\/\/temps-lies.ch\/index.php?rest_route=%2Fwp%2Fv2%2Fcomments&post=603"}],"version-history":[{"count":5,"href":"https:\/\/temps-lies.ch\/index.php?rest_route=\/wp\/v2\/posts\/603\/revisions"}],"predecessor-version":[{"id":610,"href":"https:\/\/temps-lies.ch\/index.php?rest_route=\/wp\/v2\/posts\/603\/revisions\/610"}],"wp:attachment":[{"href":"https:\/\/temps-lies.ch\/index.php?rest_route=%2Fwp%2Fv2%2Fmedia&parent=603"}],"wp:term":[{"taxonomy":"category","embeddable":true,"href":"https:\/\/temps-lies.ch\/index.php?rest_route=%2Fwp%2Fv2%2Fcategories&post=603"},{"taxonomy":"post_tag","embeddable":true,"href":"https:\/\/temps-lies.ch\/index.php?rest_route=%2Fwp%2Fv2%2Ftags&post=603"}],"curies":[{"name":"wp","href":"https:\/\/api.w.org\/{rel}","templated":true}]}}