{"id":567,"date":"2025-03-28T10:51:32","date_gmt":"2025-03-28T10:51:32","guid":{"rendered":"https:\/\/temps-lies.ch\/?p=567"},"modified":"2025-03-28T10:56:41","modified_gmt":"2025-03-28T10:56:41","slug":"24eme-assemblee-generale-de-latl","status":"publish","type":"post","link":"https:\/\/temps-lies.ch\/?p=567","title":{"rendered":"24\u00e8me Assembl\u00e9e g\u00e9n\u00e9rale de l&#8217;ATL"},"content":{"rendered":"\n<p class=\"wp-block-paragraph\">La 24\u00e8me Assembl\u00e9e g\u00e9n\u00e9rale de l&#8217;Association Temps Li\u00e9s s&#8217;est tenue au restaurant de la Tour Rouge \u00e0 Del\u00e9mont, le vendredi 7 f\u00e9vrier 2025. Consultez le <a href=\"http:\/\/temps-lies.ch\/wp-content\/uploads\/2025\/03\/PV_AG_07.02.25.pdf\" target=\"_blank\" rel=\"noreferrer noopener\">proc\u00e8s-verbal<\/a> pour en savoir davantage.<\/p>\n\n\n\n<p class=\"wp-block-paragraph\"><\/p>\n","protected":false},"excerpt":{"rendered":"<p>La 24\u00e8me Assembl\u00e9e g\u00e9n\u00e9rale de l&#8217;Association Temps Li\u00e9s s&#8217;est tenue au restaurant de la Tour Rouge \u00e0 Del\u00e9mont, le vendredi 7 f\u00e9vrier 2025. Consultez le proc\u00e8s-verbal pour en savoir davantage.<\/p>\n","protected":false},"author":2,"featured_media":0,"comment_status":"closed","ping_status":"closed","sticky":false,"template":"","format":"standard","meta":{"footnotes":""},"categories":[1],"tags":[],"class_list":["post-567","post","type-post","status-publish","format-standard","hentry","category-uncategorized"],"_links":{"self":[{"href":"https:\/\/temps-lies.ch\/index.php?rest_route=\/wp\/v2\/posts\/567","targetHints":{"allow":["GET"]}}],"collection":[{"href":"https:\/\/temps-lies.ch\/index.php?rest_route=\/wp\/v2\/posts"}],"about":[{"href":"https:\/\/temps-lies.ch\/index.php?rest_route=\/wp\/v2\/types\/post"}],"author":[{"embeddable":true,"href":"https:\/\/temps-lies.ch\/index.php?rest_route=\/wp\/v2\/users\/2"}],"replies":[{"embeddable":true,"href":"https:\/\/temps-lies.ch\/index.php?rest_route=%2Fwp%2Fv2%2Fcomments&post=567"}],"version-history":[{"count":3,"href":"https:\/\/temps-lies.ch\/index.php?rest_route=\/wp\/v2\/posts\/567\/revisions"}],"predecessor-version":[{"id":574,"href":"https:\/\/temps-lies.ch\/index.php?rest_route=\/wp\/v2\/posts\/567\/revisions\/574"}],"wp:attachment":[{"href":"https:\/\/temps-lies.ch\/index.php?rest_route=%2Fwp%2Fv2%2Fmedia&parent=567"}],"wp:term":[{"taxonomy":"category","embeddable":true,"href":"https:\/\/temps-lies.ch\/index.php?rest_route=%2Fwp%2Fv2%2Fcategories&post=567"},{"taxonomy":"post_tag","embeddable":true,"href":"https:\/\/temps-lies.ch\/index.php?rest_route=%2Fwp%2Fv2%2Ftags&post=567"}],"curies":[{"name":"wp","href":"https:\/\/api.w.org\/{rel}","templated":true}]}}