{"id":553,"date":"2024-03-05T21:42:18","date_gmt":"2024-03-05T21:42:18","guid":{"rendered":"http:\/\/temps-lies.ch\/?p=553"},"modified":"2024-03-05T21:44:04","modified_gmt":"2024-03-05T21:44:04","slug":"nouveau-spectacle-de-ledimb","status":"publish","type":"post","link":"https:\/\/temps-lies.ch\/?p=553","title":{"rendered":"Nouveau spectacle de l&#8217;EDIMB !"},"content":{"rendered":"<p style=\"text-align: center;\">L&#8217;Ecole de Danse In\u00e8s Meury Bertaiola pr\u00e9sentera son nouveau spectacle, intitul\u00e9 &#8220;Danses Lunaires&#8221;, les 1er et 2 juin 2024 au Th\u00e9\u00e2tre du Jura \u00e0 Del\u00e9mont.<br \/>\nPour de plus amples d&#8217;informations, veuillez consulter la <a href=\"https:\/\/billetterie.theatre-du-jura.ch\/selection\/event\/date?productId=10229185782766\" target=\"_blank\" rel=\"noopener\">billetterie<\/a>.<\/p>\n<p style=\"text-align: center;\"><a href=\"http:\/\/temps-lies.ch\/wp-content\/uploads\/2024\/03\/Affiche-Danses-Lunaires-2024.jpg\" target=\"_blank\" rel=\"noopener\"><img loading=\"lazy\" decoding=\"async\" class=\"size-medium wp-image-548 aligncenter\" src=\"http:\/\/temps-lies.ch\/wp-content\/uploads\/2024\/03\/Affiche-Danses-Lunaires-2024-210x300.jpg\" alt=\"\" width=\"210\" height=\"300\" srcset=\"https:\/\/temps-lies.ch\/wp-content\/uploads\/2024\/03\/Affiche-Danses-Lunaires-2024-210x300.jpg 210w, https:\/\/temps-lies.ch\/wp-content\/uploads\/2024\/03\/Affiche-Danses-Lunaires-2024-768x1098.jpg 768w, https:\/\/temps-lies.ch\/wp-content\/uploads\/2024\/03\/Affiche-Danses-Lunaires-2024-716x1024.jpg 716w, https:\/\/temps-lies.ch\/wp-content\/uploads\/2024\/03\/Affiche-Danses-Lunaires-2024.jpg 787w\" sizes=\"auto, (max-width: 210px) 100vw, 210px\" \/><\/a><\/p>\n","protected":false},"excerpt":{"rendered":"<p>L&#8217;Ecole de Danse In\u00e8s Meury Bertaiola pr\u00e9sentera son nouveau spectacle, intitul\u00e9 &#8220;Danses Lunaires&#8221;, les 1er et 2 juin 2024 au Th\u00e9\u00e2tre du Jura \u00e0 Del\u00e9mont. Pour de plus amples d&#8217;informations, veuillez consulter la billetterie.<\/p>\n","protected":false},"author":2,"featured_media":0,"comment_status":"closed","ping_status":"closed","sticky":false,"template":"","format":"standard","meta":{"footnotes":""},"categories":[1],"tags":[],"class_list":["post-553","post","type-post","status-publish","format-standard","hentry","category-uncategorized"],"_links":{"self":[{"href":"https:\/\/temps-lies.ch\/index.php?rest_route=\/wp\/v2\/posts\/553","targetHints":{"allow":["GET"]}}],"collection":[{"href":"https:\/\/temps-lies.ch\/index.php?rest_route=\/wp\/v2\/posts"}],"about":[{"href":"https:\/\/temps-lies.ch\/index.php?rest_route=\/wp\/v2\/types\/post"}],"author":[{"embeddable":true,"href":"https:\/\/temps-lies.ch\/index.php?rest_route=\/wp\/v2\/users\/2"}],"replies":[{"embeddable":true,"href":"https:\/\/temps-lies.ch\/index.php?rest_route=%2Fwp%2Fv2%2Fcomments&post=553"}],"version-history":[{"count":3,"href":"https:\/\/temps-lies.ch\/index.php?rest_route=\/wp\/v2\/posts\/553\/revisions"}],"predecessor-version":[{"id":557,"href":"https:\/\/temps-lies.ch\/index.php?rest_route=\/wp\/v2\/posts\/553\/revisions\/557"}],"wp:attachment":[{"href":"https:\/\/temps-lies.ch\/index.php?rest_route=%2Fwp%2Fv2%2Fmedia&parent=553"}],"wp:term":[{"taxonomy":"category","embeddable":true,"href":"https:\/\/temps-lies.ch\/index.php?rest_route=%2Fwp%2Fv2%2Fcategories&post=553"},{"taxonomy":"post_tag","embeddable":true,"href":"https:\/\/temps-lies.ch\/index.php?rest_route=%2Fwp%2Fv2%2Ftags&post=553"}],"curies":[{"name":"wp","href":"https:\/\/api.w.org\/{rel}","templated":true}]}}