{"id":549,"date":"2024-03-05T21:34:31","date_gmt":"2024-03-05T21:34:31","guid":{"rendered":"http:\/\/temps-lies.ch\/?p=549"},"modified":"2024-03-05T21:34:31","modified_gmt":"2024-03-05T21:34:31","slug":"23eme-assemblee-generale-de-latl","status":"publish","type":"post","link":"https:\/\/temps-lies.ch\/?p=549","title":{"rendered":"23\u00e8me Assembl\u00e9e g\u00e9n\u00e9rale de l&#8217;ATL"},"content":{"rendered":"<p>La 23\u00e8me Assembl\u00e9e g\u00e9n\u00e9rale de l&#8217;Association Temps Li\u00e9s s&#8217;est tenue au restaurant de la Tour Rouge \u00e0 Del\u00e9mont, le jeudi 15 f\u00e9vrier 2024. Le proc\u00e8s-verbal est consultable <a href=\"http:\/\/temps-lies.ch\/wp-content\/uploads\/2024\/03\/PV_AG_15.02.24.pdf\" target=\"_blank\" rel=\"noopener\">ici<\/a>.<\/p>\n","protected":false},"excerpt":{"rendered":"<p>La 23\u00e8me Assembl\u00e9e g\u00e9n\u00e9rale de l&#8217;Association Temps Li\u00e9s s&#8217;est tenue au restaurant de la Tour Rouge \u00e0 Del\u00e9mont, le jeudi 15 f\u00e9vrier 2024. Le proc\u00e8s-verbal est consultable ici.<\/p>\n","protected":false},"author":2,"featured_media":0,"comment_status":"closed","ping_status":"closed","sticky":false,"template":"","format":"standard","meta":{"footnotes":""},"categories":[1],"tags":[],"class_list":["post-549","post","type-post","status-publish","format-standard","hentry","category-uncategorized"],"_links":{"self":[{"href":"https:\/\/temps-lies.ch\/index.php?rest_route=\/wp\/v2\/posts\/549","targetHints":{"allow":["GET"]}}],"collection":[{"href":"https:\/\/temps-lies.ch\/index.php?rest_route=\/wp\/v2\/posts"}],"about":[{"href":"https:\/\/temps-lies.ch\/index.php?rest_route=\/wp\/v2\/types\/post"}],"author":[{"embeddable":true,"href":"https:\/\/temps-lies.ch\/index.php?rest_route=\/wp\/v2\/users\/2"}],"replies":[{"embeddable":true,"href":"https:\/\/temps-lies.ch\/index.php?rest_route=%2Fwp%2Fv2%2Fcomments&post=549"}],"version-history":[{"count":2,"href":"https:\/\/temps-lies.ch\/index.php?rest_route=\/wp\/v2\/posts\/549\/revisions"}],"predecessor-version":[{"id":552,"href":"https:\/\/temps-lies.ch\/index.php?rest_route=\/wp\/v2\/posts\/549\/revisions\/552"}],"wp:attachment":[{"href":"https:\/\/temps-lies.ch\/index.php?rest_route=%2Fwp%2Fv2%2Fmedia&parent=549"}],"wp:term":[{"taxonomy":"category","embeddable":true,"href":"https:\/\/temps-lies.ch\/index.php?rest_route=%2Fwp%2Fv2%2Fcategories&post=549"},{"taxonomy":"post_tag","embeddable":true,"href":"https:\/\/temps-lies.ch\/index.php?rest_route=%2Fwp%2Fv2%2Ftags&post=549"}],"curies":[{"name":"wp","href":"https:\/\/api.w.org\/{rel}","templated":true}]}}