{"id":535,"date":"2023-03-10T20:50:21","date_gmt":"2023-03-10T20:50:21","guid":{"rendered":"http:\/\/temps-lies.ch\/?p=535"},"modified":"2023-03-20T07:47:49","modified_gmt":"2023-03-20T07:47:49","slug":"22eme-assemblee-generale-de-latl","status":"publish","type":"post","link":"https:\/\/temps-lies.ch\/?p=535","title":{"rendered":"22\u00e8me Assembl\u00e9e g\u00e9n\u00e9rale de l&#8217;ATL"},"content":{"rendered":"<p>La 22\u00e8me Assembl\u00e9e g\u00e9n\u00e9rale de l&#8217;Association Temps Li\u00e9s a eu lieu le 3 mars 2023. Pour consulter le proc\u00e8s-verbal, cliquez <a href=\"http:\/\/temps-lies.ch\/wp-content\/uploads\/2023\/03\/PV_AG_03.03.23.pdf\" target=\"_blank\" rel=\"noopener\">ici<\/a>.<\/p>\n","protected":false},"excerpt":{"rendered":"<p>La 22\u00e8me Assembl\u00e9e g\u00e9n\u00e9rale de l&#8217;Association Temps Li\u00e9s a eu lieu le 3 mars 2023. Pour consulter le proc\u00e8s-verbal, cliquez ici.<\/p>\n","protected":false},"author":2,"featured_media":0,"comment_status":"closed","ping_status":"closed","sticky":false,"template":"","format":"standard","meta":{"footnotes":""},"categories":[1],"tags":[],"class_list":["post-535","post","type-post","status-publish","format-standard","hentry","category-uncategorized"],"_links":{"self":[{"href":"https:\/\/temps-lies.ch\/index.php?rest_route=\/wp\/v2\/posts\/535","targetHints":{"allow":["GET"]}}],"collection":[{"href":"https:\/\/temps-lies.ch\/index.php?rest_route=\/wp\/v2\/posts"}],"about":[{"href":"https:\/\/temps-lies.ch\/index.php?rest_route=\/wp\/v2\/types\/post"}],"author":[{"embeddable":true,"href":"https:\/\/temps-lies.ch\/index.php?rest_route=\/wp\/v2\/users\/2"}],"replies":[{"embeddable":true,"href":"https:\/\/temps-lies.ch\/index.php?rest_route=%2Fwp%2Fv2%2Fcomments&post=535"}],"version-history":[{"count":7,"href":"https:\/\/temps-lies.ch\/index.php?rest_route=\/wp\/v2\/posts\/535\/revisions"}],"predecessor-version":[{"id":545,"href":"https:\/\/temps-lies.ch\/index.php?rest_route=\/wp\/v2\/posts\/535\/revisions\/545"}],"wp:attachment":[{"href":"https:\/\/temps-lies.ch\/index.php?rest_route=%2Fwp%2Fv2%2Fmedia&parent=535"}],"wp:term":[{"taxonomy":"category","embeddable":true,"href":"https:\/\/temps-lies.ch\/index.php?rest_route=%2Fwp%2Fv2%2Fcategories&post=535"},{"taxonomy":"post_tag","embeddable":true,"href":"https:\/\/temps-lies.ch\/index.php?rest_route=%2Fwp%2Fv2%2Ftags&post=535"}],"curies":[{"name":"wp","href":"https:\/\/api.w.org\/{rel}","templated":true}]}}