{"id":507,"date":"2022-02-10T18:50:50","date_gmt":"2022-02-10T18:50:50","guid":{"rendered":"http:\/\/temps-lies.ch\/?p=507"},"modified":"2022-02-15T18:52:50","modified_gmt":"2022-02-15T18:52:50","slug":"festival-steps-atelier-par-dominique-cardito","status":"publish","type":"post","link":"https:\/\/temps-lies.ch\/?p=507","title":{"rendered":"Festival STEPS &#8211; Atelier par Dominique Cardito"},"content":{"rendered":"<p style=\"text-align: center;\">Dans le cadre du Festival de danse STEPS, l&#8217;Association Temps Li\u00e9s (ATL) et l&#8217;Ecole de Danse In\u00e8s Meury Bertaiola (EDIMB) vous proposent un atelier unique et in\u00e9dit. Int\u00e9ress\u00e9.e ? Cliquez sur l&#8217;image pour t\u00e9l\u00e9charger toutes les informations.<\/p>\n<p><a href=\"http:\/\/temps-lies.ch\/wp-content\/uploads\/2022\/02\/Atelier-Steps-Dominique-Cardito-Inscriptions-page-1-et-2-LBM.pdf\" target=\"_blank\" rel=\"noopener\"><img loading=\"lazy\" decoding=\"async\" class=\"size-medium wp-image-505 aligncenter\" src=\"http:\/\/temps-lies.ch\/wp-content\/uploads\/2022\/02\/Atelier-Steps-Dominique-Cardito-Affiche-212x300.jpg\" alt=\"\" width=\"212\" height=\"300\" srcset=\"https:\/\/temps-lies.ch\/wp-content\/uploads\/2022\/02\/Atelier-Steps-Dominique-Cardito-Affiche-212x300.jpg 212w, https:\/\/temps-lies.ch\/wp-content\/uploads\/2022\/02\/Atelier-Steps-Dominique-Cardito-Affiche-768x1086.jpg 768w, https:\/\/temps-lies.ch\/wp-content\/uploads\/2022\/02\/Atelier-Steps-Dominique-Cardito-Affiche-724x1024.jpg 724w, https:\/\/temps-lies.ch\/wp-content\/uploads\/2022\/02\/Atelier-Steps-Dominique-Cardito-Affiche.jpg 1819w\" sizes=\"auto, (max-width: 212px) 100vw, 212px\" \/><\/a><\/p>\n","protected":false},"excerpt":{"rendered":"<p>Dans le cadre du Festival de danse STEPS, l&#8217;Association Temps Li\u00e9s (ATL) et l&#8217;Ecole de Danse In\u00e8s Meury Bertaiola (EDIMB) vous proposent un atelier unique et in\u00e9dit. Int\u00e9ress\u00e9.e ? Cliquez sur l&#8217;image pour t\u00e9l\u00e9charger toutes les informations.<\/p>\n","protected":false},"author":2,"featured_media":0,"comment_status":"closed","ping_status":"closed","sticky":false,"template":"","format":"standard","meta":{"footnotes":""},"categories":[1],"tags":[],"class_list":["post-507","post","type-post","status-publish","format-standard","hentry","category-uncategorized"],"_links":{"self":[{"href":"https:\/\/temps-lies.ch\/index.php?rest_route=\/wp\/v2\/posts\/507","targetHints":{"allow":["GET"]}}],"collection":[{"href":"https:\/\/temps-lies.ch\/index.php?rest_route=\/wp\/v2\/posts"}],"about":[{"href":"https:\/\/temps-lies.ch\/index.php?rest_route=\/wp\/v2\/types\/post"}],"author":[{"embeddable":true,"href":"https:\/\/temps-lies.ch\/index.php?rest_route=\/wp\/v2\/users\/2"}],"replies":[{"embeddable":true,"href":"https:\/\/temps-lies.ch\/index.php?rest_route=%2Fwp%2Fv2%2Fcomments&post=507"}],"version-history":[{"count":4,"href":"https:\/\/temps-lies.ch\/index.php?rest_route=\/wp\/v2\/posts\/507\/revisions"}],"predecessor-version":[{"id":512,"href":"https:\/\/temps-lies.ch\/index.php?rest_route=\/wp\/v2\/posts\/507\/revisions\/512"}],"wp:attachment":[{"href":"https:\/\/temps-lies.ch\/index.php?rest_route=%2Fwp%2Fv2%2Fmedia&parent=507"}],"wp:term":[{"taxonomy":"category","embeddable":true,"href":"https:\/\/temps-lies.ch\/index.php?rest_route=%2Fwp%2Fv2%2Fcategories&post=507"},{"taxonomy":"post_tag","embeddable":true,"href":"https:\/\/temps-lies.ch\/index.php?rest_route=%2Fwp%2Fv2%2Ftags&post=507"}],"curies":[{"name":"wp","href":"https:\/\/api.w.org\/{rel}","templated":true}]}}