{"id":465,"date":"2021-03-24T18:16:38","date_gmt":"2021-03-24T18:16:38","guid":{"rendered":"http:\/\/temps-lies.ch\/?p=465"},"modified":"2021-03-24T18:19:58","modified_gmt":"2021-03-24T18:19:58","slug":"bourses-dete-2021","status":"publish","type":"post","link":"https:\/\/temps-lies.ch\/?p=465","title":{"rendered":"Bourses d&#8217;\u00e9t\u00e9 2021"},"content":{"rendered":"<p>Chaque ann\u00e9e, l&#8217;ATL soutient les \u00e9l\u00e8ves de l&#8217;Ecole de Danse In\u00e8s Meury Bertaiola qui souhaitent participer \u00e0 des stages de danse estivaux.<\/p>\n<p>Nous esp\u00e9rons que ces derniers pourront avoir lieu, pour le moment rien est encore clair. Dans tous les cas, si vous \u00eates int\u00e9ress\u00e9-e, voici <a href=\"http:\/\/temps-lies.ch\/wp-content\/uploads\/2021\/03\/2021-bourse_affiche-.pdf\" target=\"_blank\" rel=\"noopener\">la d\u00e9marche<\/a>.<\/p>\n<p>Au plaisir de r\u00e9pondre \u00e0 vos demandes.<\/p>\n","protected":false},"excerpt":{"rendered":"<p>Chaque ann\u00e9e, l&#8217;ATL soutient les \u00e9l\u00e8ves de l&#8217;Ecole de Danse In\u00e8s Meury Bertaiola qui souhaitent participer \u00e0 des stages de danse estivaux. Nous esp\u00e9rons que ces derniers pourront avoir lieu, pour le moment rien est encore clair. Dans tous les &hellip; <a href=\"https:\/\/temps-lies.ch\/?p=465\">Continuer la lecture <span class=\"meta-nav\">&rarr;<\/span><\/a><\/p>\n","protected":false},"author":2,"featured_media":0,"comment_status":"closed","ping_status":"closed","sticky":false,"template":"","format":"standard","meta":{"footnotes":""},"categories":[1],"tags":[],"class_list":["post-465","post","type-post","status-publish","format-standard","hentry","category-uncategorized"],"_links":{"self":[{"href":"https:\/\/temps-lies.ch\/index.php?rest_route=\/wp\/v2\/posts\/465","targetHints":{"allow":["GET"]}}],"collection":[{"href":"https:\/\/temps-lies.ch\/index.php?rest_route=\/wp\/v2\/posts"}],"about":[{"href":"https:\/\/temps-lies.ch\/index.php?rest_route=\/wp\/v2\/types\/post"}],"author":[{"embeddable":true,"href":"https:\/\/temps-lies.ch\/index.php?rest_route=\/wp\/v2\/users\/2"}],"replies":[{"embeddable":true,"href":"https:\/\/temps-lies.ch\/index.php?rest_route=%2Fwp%2Fv2%2Fcomments&post=465"}],"version-history":[{"count":3,"href":"https:\/\/temps-lies.ch\/index.php?rest_route=\/wp\/v2\/posts\/465\/revisions"}],"predecessor-version":[{"id":468,"href":"https:\/\/temps-lies.ch\/index.php?rest_route=\/wp\/v2\/posts\/465\/revisions\/468"}],"wp:attachment":[{"href":"https:\/\/temps-lies.ch\/index.php?rest_route=%2Fwp%2Fv2%2Fmedia&parent=465"}],"wp:term":[{"taxonomy":"category","embeddable":true,"href":"https:\/\/temps-lies.ch\/index.php?rest_route=%2Fwp%2Fv2%2Fcategories&post=465"},{"taxonomy":"post_tag","embeddable":true,"href":"https:\/\/temps-lies.ch\/index.php?rest_route=%2Fwp%2Fv2%2Ftags&post=465"}],"curies":[{"name":"wp","href":"https:\/\/api.w.org\/{rel}","templated":true}]}}