{"id":420,"date":"2021-05-09T10:15:17","date_gmt":"2021-05-09T10:15:17","guid":{"rendered":"http:\/\/temps-lies.ch\/?p=420"},"modified":"2021-05-09T11:33:35","modified_gmt":"2021-05-09T11:33:35","slug":"prochain-spectacle-de-ledimb-le-concours","status":"publish","type":"post","link":"https:\/\/temps-lies.ch\/?p=420","title":{"rendered":"A ne pas manquer, le nouveau spectacle de l&#8217;EDIMB &#8220;Le Concours&#8221;"},"content":{"rendered":"<p style=\"text-align: center;\"><a href=\"http:\/\/temps-lies.ch\/wp-content\/uploads\/2021\/02\/affiche-le-concours.jpg\" target=\"_blank\" rel=\"noopener\"><img loading=\"lazy\" decoding=\"async\" class=\"size-medium wp-image-426 aligncenter\" src=\"http:\/\/temps-lies.ch\/wp-content\/uploads\/2021\/02\/affiche-le-concours-200x300.jpg\" alt=\"\" width=\"200\" height=\"300\" srcset=\"https:\/\/temps-lies.ch\/wp-content\/uploads\/2021\/02\/affiche-le-concours-200x300.jpg 200w, https:\/\/temps-lies.ch\/wp-content\/uploads\/2021\/02\/affiche-le-concours.jpg 461w\" sizes=\"auto, (max-width: 200px) 100vw, 200px\" \/><\/a>L&#8217;Ecole de Danse In\u00e8s Meury Bertaiola pr\u00e9sentera son nouveau spectacle, intitul\u00e9 &#8220;Le Concours&#8221;, en mai 2021 au Forum St-Georges \u00e0 Del\u00e9mont :<br \/>\n<strong>Vendredis 21 et 28 mai, \u00e0 20h<br \/>\n<\/strong><strong>Samedis 22 et 29 mai, \u00e0 15h et \u00e0 20h<br \/>\nDimanche <\/strong><strong>23 mai, \u00e0 15h et \u00e0 19h<br \/>\nDimanche 30 mai, \u00e0 15h<br \/>\n<\/strong><\/p>\n<p style=\"text-align: center;\">Visionnez le <a href=\"http:\/\/temps-lies.ch\/wp-content\/uploads\/2021\/05\/Vid\u00e9o_promo-le_concours.mp4\" target=\"_blank\" rel=\"noopener\">clip vid\u00e9o<\/a> r\u00e9alis\u00e9 pour la promotion du spectacle, et ne tardez plus pour <a href=\"https:\/\/www.ccrd.ch\/programme\" target=\"_blank\" rel=\"noopener\">prendre vos billets<\/a>, ils partent tr\u00e8s vite&#8230; trois repr\u00e9sentations suppl\u00e9mentaires ont d\u00e9j\u00e0 \u00e9t\u00e9 ajout\u00e9es au programme !<\/p>\n","protected":false},"excerpt":{"rendered":"<p>L&#8217;Ecole de Danse In\u00e8s Meury Bertaiola pr\u00e9sentera son nouveau spectacle, intitul\u00e9 &#8220;Le Concours&#8221;, en mai 2021 au Forum St-Georges \u00e0 Del\u00e9mont : Vendredis 21 et 28 mai, \u00e0 20h Samedis 22 et 29 mai, \u00e0 15h et \u00e0 20h Dimanche &hellip; <a href=\"https:\/\/temps-lies.ch\/?p=420\">Continuer la lecture <span class=\"meta-nav\">&rarr;<\/span><\/a><\/p>\n","protected":false},"author":2,"featured_media":0,"comment_status":"closed","ping_status":"closed","sticky":false,"template":"","format":"standard","meta":{"footnotes":""},"categories":[1],"tags":[],"class_list":["post-420","post","type-post","status-publish","format-standard","hentry","category-uncategorized"],"_links":{"self":[{"href":"https:\/\/temps-lies.ch\/index.php?rest_route=\/wp\/v2\/posts\/420","targetHints":{"allow":["GET"]}}],"collection":[{"href":"https:\/\/temps-lies.ch\/index.php?rest_route=\/wp\/v2\/posts"}],"about":[{"href":"https:\/\/temps-lies.ch\/index.php?rest_route=\/wp\/v2\/types\/post"}],"author":[{"embeddable":true,"href":"https:\/\/temps-lies.ch\/index.php?rest_route=\/wp\/v2\/users\/2"}],"replies":[{"embeddable":true,"href":"https:\/\/temps-lies.ch\/index.php?rest_route=%2Fwp%2Fv2%2Fcomments&post=420"}],"version-history":[{"count":13,"href":"https:\/\/temps-lies.ch\/index.php?rest_route=\/wp\/v2\/posts\/420\/revisions"}],"predecessor-version":[{"id":491,"href":"https:\/\/temps-lies.ch\/index.php?rest_route=\/wp\/v2\/posts\/420\/revisions\/491"}],"wp:attachment":[{"href":"https:\/\/temps-lies.ch\/index.php?rest_route=%2Fwp%2Fv2%2Fmedia&parent=420"}],"wp:term":[{"taxonomy":"category","embeddable":true,"href":"https:\/\/temps-lies.ch\/index.php?rest_route=%2Fwp%2Fv2%2Fcategories&post=420"},{"taxonomy":"post_tag","embeddable":true,"href":"https:\/\/temps-lies.ch\/index.php?rest_route=%2Fwp%2Fv2%2Ftags&post=420"}],"curies":[{"name":"wp","href":"https:\/\/api.w.org\/{rel}","templated":true}]}}