{"id":410,"date":"2020-06-04T10:31:12","date_gmt":"2020-06-04T10:31:12","guid":{"rendered":"http:\/\/temps-lies.ch\/?p=410"},"modified":"2020-06-04T10:32:13","modified_gmt":"2020-06-04T10:32:13","slug":"19eme-assemblee-generale-de-latl","status":"publish","type":"post","link":"https:\/\/temps-lies.ch\/?p=410","title":{"rendered":"19\u00e8me Assembl\u00e9e g\u00e9n\u00e9rale de l&#8217;ATL"},"content":{"rendered":"<p>La 19\u00e8me Assembl\u00e9e g\u00e9n\u00e9rale de l\u2019ATL a eu lieu le vendredi 7 f\u00e9vrier 2020. Le proc\u00e8s-verbal peut \u00eatre consult\u00e9 en cliquant <a href=\"http:\/\/temps-lies.ch\/wp-content\/uploads\/2020\/06\/PV_AG_2020.pdf\" target=\"_blank\" rel=\"noopener\">ici<\/a>.<\/p>\n","protected":false},"excerpt":{"rendered":"<p>La 19\u00e8me Assembl\u00e9e g\u00e9n\u00e9rale de l\u2019ATL a eu lieu le vendredi 7 f\u00e9vrier 2020. Le proc\u00e8s-verbal peut \u00eatre consult\u00e9 en cliquant ici.<\/p>\n","protected":false},"author":2,"featured_media":0,"comment_status":"closed","ping_status":"closed","sticky":false,"template":"","format":"standard","meta":{"footnotes":""},"categories":[1],"tags":[],"class_list":["post-410","post","type-post","status-publish","format-standard","hentry","category-uncategorized"],"_links":{"self":[{"href":"https:\/\/temps-lies.ch\/index.php?rest_route=\/wp\/v2\/posts\/410","targetHints":{"allow":["GET"]}}],"collection":[{"href":"https:\/\/temps-lies.ch\/index.php?rest_route=\/wp\/v2\/posts"}],"about":[{"href":"https:\/\/temps-lies.ch\/index.php?rest_route=\/wp\/v2\/types\/post"}],"author":[{"embeddable":true,"href":"https:\/\/temps-lies.ch\/index.php?rest_route=\/wp\/v2\/users\/2"}],"replies":[{"embeddable":true,"href":"https:\/\/temps-lies.ch\/index.php?rest_route=%2Fwp%2Fv2%2Fcomments&post=410"}],"version-history":[{"count":4,"href":"https:\/\/temps-lies.ch\/index.php?rest_route=\/wp\/v2\/posts\/410\/revisions"}],"predecessor-version":[{"id":427,"href":"https:\/\/temps-lies.ch\/index.php?rest_route=\/wp\/v2\/posts\/410\/revisions\/427"}],"wp:attachment":[{"href":"https:\/\/temps-lies.ch\/index.php?rest_route=%2Fwp%2Fv2%2Fmedia&parent=410"}],"wp:term":[{"taxonomy":"category","embeddable":true,"href":"https:\/\/temps-lies.ch\/index.php?rest_route=%2Fwp%2Fv2%2Fcategories&post=410"},{"taxonomy":"post_tag","embeddable":true,"href":"https:\/\/temps-lies.ch\/index.php?rest_route=%2Fwp%2Fv2%2Ftags&post=410"}],"curies":[{"name":"wp","href":"https:\/\/api.w.org\/{rel}","templated":true}]}}