{"id":402,"date":"2019-06-19T16:36:59","date_gmt":"2019-06-19T16:36:59","guid":{"rendered":"http:\/\/temps-lies.ch\/?p=402"},"modified":"2019-06-19T16:37:56","modified_gmt":"2019-06-19T16:37:56","slug":"stage-dexception-pour-cet-ete-2019","status":"publish","type":"post","link":"https:\/\/temps-lies.ch\/?p=402","title":{"rendered":"Stage d&#8217;exception pour cet \u00e9t\u00e9 2019 !"},"content":{"rendered":"<p><a href=\"http:\/\/temps-lies.ch\/wp-content\/uploads\/2019\/06\/affiche-stage-Juliette-Odiet-2019.jpg\" target=\"_blank\" rel=\"noopener\"><img loading=\"lazy\" decoding=\"async\" class=\"size-medium wp-image-394 aligncenter\" src=\"http:\/\/temps-lies.ch\/wp-content\/uploads\/2019\/06\/affiche-stage-Juliette-Odiet-2019-200x300.jpg\" alt=\"\" width=\"200\" height=\"300\" srcset=\"https:\/\/temps-lies.ch\/wp-content\/uploads\/2019\/06\/affiche-stage-Juliette-Odiet-2019-200x300.jpg 200w, https:\/\/temps-lies.ch\/wp-content\/uploads\/2019\/06\/affiche-stage-Juliette-Odiet-2019-768x1152.jpg 768w, https:\/\/temps-lies.ch\/wp-content\/uploads\/2019\/06\/affiche-stage-Juliette-Odiet-2019-682x1024.jpg 682w\" sizes=\"auto, (max-width: 200px) 100vw, 200px\" \/><\/a>Du 12 au 15 ao\u00fbt 2019, se d\u00e9roulera le traditionnel stage d&#8217;\u00e9t\u00e9 organis\u00e9 par l&#8217;Association Temps Li\u00e9s. Cette ann\u00e9e, nous aurons le plaisir d&#8217;accueillir Juliette Odiet, danseuse professionnelle qui animera des classes de danse classique et moderne. Toutes les informations n\u00e9cessaires se trouvent sur le <a href=\"http:\/\/temps-lies.ch\/wp-content\/uploads\/2019\/06\/inscription-stage-Juliette-Odiet-2019.pdf\" target=\"_blank\" rel=\"noopener\">formulaire d&#8217;inscription<\/a>.<\/p>\n<p style=\"text-align: center;\"><strong>Attention le d\u00e9lai d&#8217;inscription est fix\u00e9 au 26 juin prochain !<\/strong><\/p>\n","protected":false},"excerpt":{"rendered":"<p>Du 12 au 15 ao\u00fbt 2019, se d\u00e9roulera le traditionnel stage d&#8217;\u00e9t\u00e9 organis\u00e9 par l&#8217;Association Temps Li\u00e9s. Cette ann\u00e9e, nous aurons le plaisir d&#8217;accueillir Juliette Odiet, danseuse professionnelle qui animera des classes de danse classique et moderne. Toutes les informations &hellip; <a href=\"https:\/\/temps-lies.ch\/?p=402\">Continuer la lecture <span class=\"meta-nav\">&rarr;<\/span><\/a><\/p>\n","protected":false},"author":2,"featured_media":0,"comment_status":"closed","ping_status":"closed","sticky":false,"template":"","format":"standard","meta":{"footnotes":""},"categories":[1],"tags":[],"class_list":["post-402","post","type-post","status-publish","format-standard","hentry","category-uncategorized"],"_links":{"self":[{"href":"https:\/\/temps-lies.ch\/index.php?rest_route=\/wp\/v2\/posts\/402","targetHints":{"allow":["GET"]}}],"collection":[{"href":"https:\/\/temps-lies.ch\/index.php?rest_route=\/wp\/v2\/posts"}],"about":[{"href":"https:\/\/temps-lies.ch\/index.php?rest_route=\/wp\/v2\/types\/post"}],"author":[{"embeddable":true,"href":"https:\/\/temps-lies.ch\/index.php?rest_route=\/wp\/v2\/users\/2"}],"replies":[{"embeddable":true,"href":"https:\/\/temps-lies.ch\/index.php?rest_route=%2Fwp%2Fv2%2Fcomments&post=402"}],"version-history":[{"count":6,"href":"https:\/\/temps-lies.ch\/index.php?rest_route=\/wp\/v2\/posts\/402\/revisions"}],"predecessor-version":[{"id":408,"href":"https:\/\/temps-lies.ch\/index.php?rest_route=\/wp\/v2\/posts\/402\/revisions\/408"}],"wp:attachment":[{"href":"https:\/\/temps-lies.ch\/index.php?rest_route=%2Fwp%2Fv2%2Fmedia&parent=402"}],"wp:term":[{"taxonomy":"category","embeddable":true,"href":"https:\/\/temps-lies.ch\/index.php?rest_route=%2Fwp%2Fv2%2Fcategories&post=402"},{"taxonomy":"post_tag","embeddable":true,"href":"https:\/\/temps-lies.ch\/index.php?rest_route=%2Fwp%2Fv2%2Ftags&post=402"}],"curies":[{"name":"wp","href":"https:\/\/api.w.org\/{rel}","templated":true}]}}