{"id":397,"date":"2019-06-19T16:27:21","date_gmt":"2019-06-19T16:27:21","guid":{"rendered":"http:\/\/temps-lies.ch\/?p=397"},"modified":"2019-08-08T13:54:20","modified_gmt":"2019-08-08T13:54:20","slug":"spectacle-30-aout-et-1er-septembre-2019-a-st-georges-delemont","status":"publish","type":"post","link":"https:\/\/temps-lies.ch\/?p=397","title":{"rendered":"Spectacle 30 ao\u00fbt et 1er septembre 2019 \u00e0 St-Georges, Del\u00e9mont"},"content":{"rendered":"<p>L&#8217;Association Temps Li\u00e9s vous recommande le spectacle intitul\u00e9 &#8220;danse 2.0&#8221;, qui aura lieu les 30 ao\u00fbt et 1er septembre prochains, au forum St-Georges de Del\u00e9mont.<\/p>\n<p>Vous voulez plus de d\u00e9tails? Alors ouvrez l&#8217;image ci-dessous, ou rendez-vous sur le site <a href=\"http:\/\/geraldine-k-dunkel.com\/plume\/\" target=\"_blank\" rel=\"noopener\">geraldine-k-dunkel.com\/plume<\/a><\/p>\n<p style=\"text-align: center;\">Au plaisir de vous y croisez nombreuses et nombreux !<\/p>\n<p><a href=\"http:\/\/temps-lies.ch\/wp-content\/uploads\/2019\/06\/affiche-spectacle-2.0-2019.png\" target=\"_blank\" rel=\"noopener\"><img loading=\"lazy\" decoding=\"async\" class=\"size-medium wp-image-396 aligncenter\" src=\"http:\/\/temps-lies.ch\/wp-content\/uploads\/2019\/06\/affiche-spectacle-2.0-2019-212x300.png\" alt=\"\" width=\"212\" height=\"300\" srcset=\"https:\/\/temps-lies.ch\/wp-content\/uploads\/2019\/06\/affiche-spectacle-2.0-2019-212x300.png 212w, https:\/\/temps-lies.ch\/wp-content\/uploads\/2019\/06\/affiche-spectacle-2.0-2019.png 424w\" sizes=\"auto, (max-width: 212px) 100vw, 212px\" \/><\/a><\/p>\n","protected":false},"excerpt":{"rendered":"<p>L&#8217;Association Temps Li\u00e9s vous recommande le spectacle intitul\u00e9 &#8220;danse 2.0&#8221;, qui aura lieu les 30 ao\u00fbt et 1er septembre prochains, au forum St-Georges de Del\u00e9mont. Vous voulez plus de d\u00e9tails? Alors ouvrez l&#8217;image ci-dessous, ou rendez-vous sur le site geraldine-k-dunkel.com\/plume &hellip; <a href=\"https:\/\/temps-lies.ch\/?p=397\">Continuer la lecture <span class=\"meta-nav\">&rarr;<\/span><\/a><\/p>\n","protected":false},"author":2,"featured_media":0,"comment_status":"closed","ping_status":"closed","sticky":false,"template":"","format":"standard","meta":{"footnotes":""},"categories":[1],"tags":[],"class_list":["post-397","post","type-post","status-publish","format-standard","hentry","category-uncategorized"],"_links":{"self":[{"href":"https:\/\/temps-lies.ch\/index.php?rest_route=\/wp\/v2\/posts\/397","targetHints":{"allow":["GET"]}}],"collection":[{"href":"https:\/\/temps-lies.ch\/index.php?rest_route=\/wp\/v2\/posts"}],"about":[{"href":"https:\/\/temps-lies.ch\/index.php?rest_route=\/wp\/v2\/types\/post"}],"author":[{"embeddable":true,"href":"https:\/\/temps-lies.ch\/index.php?rest_route=\/wp\/v2\/users\/2"}],"replies":[{"embeddable":true,"href":"https:\/\/temps-lies.ch\/index.php?rest_route=%2Fwp%2Fv2%2Fcomments&post=397"}],"version-history":[{"count":3,"href":"https:\/\/temps-lies.ch\/index.php?rest_route=\/wp\/v2\/posts\/397\/revisions"}],"predecessor-version":[{"id":400,"href":"https:\/\/temps-lies.ch\/index.php?rest_route=\/wp\/v2\/posts\/397\/revisions\/400"}],"wp:attachment":[{"href":"https:\/\/temps-lies.ch\/index.php?rest_route=%2Fwp%2Fv2%2Fmedia&parent=397"}],"wp:term":[{"taxonomy":"category","embeddable":true,"href":"https:\/\/temps-lies.ch\/index.php?rest_route=%2Fwp%2Fv2%2Fcategories&post=397"},{"taxonomy":"post_tag","embeddable":true,"href":"https:\/\/temps-lies.ch\/index.php?rest_route=%2Fwp%2Fv2%2Ftags&post=397"}],"curies":[{"name":"wp","href":"https:\/\/api.w.org\/{rel}","templated":true}]}}