{"id":387,"date":"2019-05-06T20:26:46","date_gmt":"2019-05-06T20:26:46","guid":{"rendered":"http:\/\/temps-lies.ch\/?p=387"},"modified":"2019-05-06T20:26:46","modified_gmt":"2019-05-06T20:26:46","slug":"stage-de-danse-avec-le-ballett-theater-basel","status":"publish","type":"post","link":"https:\/\/temps-lies.ch\/?p=387","title":{"rendered":"Stage de danse avec le Ballett Theater Basel"},"content":{"rendered":"<p style=\"text-align: center;\">L\u2019Association Temps Li\u00e9s, l\u2019\u00c9cole de danse In\u00e8s Meury Bertaiola et le Ballett Theater Basel s\u2019associent pour offrir un stage d\u2019une qualit\u00e9 exceptionnelle. Nous avons la chance et l\u2019honneur de recevoir Manuel Renard,\u00a0ma\u00eetre de ballet de la compagnie du Th\u00e9\u00e2tre de B\u00e2le,\u00a0qui dispensera un workshop \u00e0 l\u2019\u00c9cole de danse In\u00e8s Meury Bertaiola.<\/p>\n<p><a href=\"http:\/\/temps-lies.ch\/wp-content\/uploads\/2019\/05\/Affiche-Ballet-Theater-Basel.png\" target=\"_blank\" rel=\"noopener\"><img loading=\"lazy\" decoding=\"async\" class=\"size-medium wp-image-386 aligncenter\" src=\"http:\/\/temps-lies.ch\/wp-content\/uploads\/2019\/05\/Affiche-Ballet-Theater-Basel-300x206.png\" alt=\"\" width=\"300\" height=\"206\" srcset=\"https:\/\/temps-lies.ch\/wp-content\/uploads\/2019\/05\/Affiche-Ballet-Theater-Basel-300x206.png 300w, https:\/\/temps-lies.ch\/wp-content\/uploads\/2019\/05\/Affiche-Ballet-Theater-Basel-768x529.png 768w, https:\/\/temps-lies.ch\/wp-content\/uploads\/2019\/05\/Affiche-Ballet-Theater-Basel-1024x705.png 1024w, https:\/\/temps-lies.ch\/wp-content\/uploads\/2019\/05\/Affiche-Ballet-Theater-Basel-436x300.png 436w, https:\/\/temps-lies.ch\/wp-content\/uploads\/2019\/05\/Affiche-Ballet-Theater-Basel.png 1097w\" sizes=\"auto, (max-width: 300px) 100vw, 300px\" \/><\/a><\/p>\n<p style=\"text-align: center;\">Vous trouverez toutes les informations et prix sur le <a href=\"http:\/\/temps-lies.ch\/wp-content\/uploads\/2019\/05\/Inscription.pdf\" target=\"_blank\" rel=\"noopener\">bulletin d&#8217;inscription<\/a>.<\/p>\n","protected":false},"excerpt":{"rendered":"<p>L\u2019Association Temps Li\u00e9s, l\u2019\u00c9cole de danse In\u00e8s Meury Bertaiola et le Ballett Theater Basel s\u2019associent pour offrir un stage d\u2019une qualit\u00e9 exceptionnelle. Nous avons la chance et l\u2019honneur de recevoir Manuel Renard,\u00a0ma\u00eetre de ballet de la compagnie du Th\u00e9\u00e2tre de &hellip; <a href=\"https:\/\/temps-lies.ch\/?p=387\">Continuer la lecture <span class=\"meta-nav\">&rarr;<\/span><\/a><\/p>\n","protected":false},"author":2,"featured_media":0,"comment_status":"closed","ping_status":"closed","sticky":false,"template":"","format":"standard","meta":{"footnotes":""},"categories":[1],"tags":[],"class_list":["post-387","post","type-post","status-publish","format-standard","hentry","category-uncategorized"],"_links":{"self":[{"href":"https:\/\/temps-lies.ch\/index.php?rest_route=\/wp\/v2\/posts\/387","targetHints":{"allow":["GET"]}}],"collection":[{"href":"https:\/\/temps-lies.ch\/index.php?rest_route=\/wp\/v2\/posts"}],"about":[{"href":"https:\/\/temps-lies.ch\/index.php?rest_route=\/wp\/v2\/types\/post"}],"author":[{"embeddable":true,"href":"https:\/\/temps-lies.ch\/index.php?rest_route=\/wp\/v2\/users\/2"}],"replies":[{"embeddable":true,"href":"https:\/\/temps-lies.ch\/index.php?rest_route=%2Fwp%2Fv2%2Fcomments&post=387"}],"version-history":[{"count":5,"href":"https:\/\/temps-lies.ch\/index.php?rest_route=\/wp\/v2\/posts\/387\/revisions"}],"predecessor-version":[{"id":392,"href":"https:\/\/temps-lies.ch\/index.php?rest_route=\/wp\/v2\/posts\/387\/revisions\/392"}],"wp:attachment":[{"href":"https:\/\/temps-lies.ch\/index.php?rest_route=%2Fwp%2Fv2%2Fmedia&parent=387"}],"wp:term":[{"taxonomy":"category","embeddable":true,"href":"https:\/\/temps-lies.ch\/index.php?rest_route=%2Fwp%2Fv2%2Fcategories&post=387"},{"taxonomy":"post_tag","embeddable":true,"href":"https:\/\/temps-lies.ch\/index.php?rest_route=%2Fwp%2Fv2%2Ftags&post=387"}],"curies":[{"name":"wp","href":"https:\/\/api.w.org\/{rel}","templated":true}]}}