{"id":376,"date":"2019-02-18T11:54:42","date_gmt":"2019-02-18T11:54:42","guid":{"rendered":"http:\/\/temps-lies.ch\/?p=376"},"modified":"2019-02-18T11:54:42","modified_gmt":"2019-02-18T11:54:42","slug":"18eme-assemblee-generale-de-latl","status":"publish","type":"post","link":"https:\/\/temps-lies.ch\/?p=376","title":{"rendered":"18\u00e8me Assembl\u00e9e g\u00e9n\u00e9rale de l&#8217;ATL"},"content":{"rendered":"<p>La 18\u00e8me Assembl\u00e9e g\u00e9n\u00e9rale de l&#8217;ATL a eu lieu le vendredi 8 f\u00e9vrier 2019. Le proc\u00e8s-verbal peut \u00eatre consult\u00e9 en cliquant <a href=\"http:\/\/temps-lies.ch\/wp-content\/uploads\/2019\/02\/PV_AG_ATL_2019.pdf\" target=\"_blank\" rel=\"noopener\">ici<\/a>.<\/p>\n","protected":false},"excerpt":{"rendered":"<p>La 18\u00e8me Assembl\u00e9e g\u00e9n\u00e9rale de l&#8217;ATL a eu lieu le vendredi 8 f\u00e9vrier 2019. Le proc\u00e8s-verbal peut \u00eatre consult\u00e9 en cliquant ici.<\/p>\n","protected":false},"author":2,"featured_media":0,"comment_status":"closed","ping_status":"closed","sticky":false,"template":"","format":"standard","meta":{"footnotes":""},"categories":[1],"tags":[],"class_list":["post-376","post","type-post","status-publish","format-standard","hentry","category-uncategorized"],"_links":{"self":[{"href":"https:\/\/temps-lies.ch\/index.php?rest_route=\/wp\/v2\/posts\/376","targetHints":{"allow":["GET"]}}],"collection":[{"href":"https:\/\/temps-lies.ch\/index.php?rest_route=\/wp\/v2\/posts"}],"about":[{"href":"https:\/\/temps-lies.ch\/index.php?rest_route=\/wp\/v2\/types\/post"}],"author":[{"embeddable":true,"href":"https:\/\/temps-lies.ch\/index.php?rest_route=\/wp\/v2\/users\/2"}],"replies":[{"embeddable":true,"href":"https:\/\/temps-lies.ch\/index.php?rest_route=%2Fwp%2Fv2%2Fcomments&post=376"}],"version-history":[{"count":2,"href":"https:\/\/temps-lies.ch\/index.php?rest_route=\/wp\/v2\/posts\/376\/revisions"}],"predecessor-version":[{"id":378,"href":"https:\/\/temps-lies.ch\/index.php?rest_route=\/wp\/v2\/posts\/376\/revisions\/378"}],"wp:attachment":[{"href":"https:\/\/temps-lies.ch\/index.php?rest_route=%2Fwp%2Fv2%2Fmedia&parent=376"}],"wp:term":[{"taxonomy":"category","embeddable":true,"href":"https:\/\/temps-lies.ch\/index.php?rest_route=%2Fwp%2Fv2%2Fcategories&post=376"},{"taxonomy":"post_tag","embeddable":true,"href":"https:\/\/temps-lies.ch\/index.php?rest_route=%2Fwp%2Fv2%2Ftags&post=376"}],"curies":[{"name":"wp","href":"https:\/\/api.w.org\/{rel}","templated":true}]}}