{"id":364,"date":"2018-10-15T13:15:56","date_gmt":"2018-10-15T13:15:56","guid":{"rendered":"http:\/\/temps-lies.ch\/?p=364"},"modified":"2018-10-15T13:15:56","modified_gmt":"2018-10-15T13:15:56","slug":"stage-de-danse-country-10-et-11-novembre-2018","status":"publish","type":"post","link":"https:\/\/temps-lies.ch\/?p=364","title":{"rendered":"Stage de danse Country &#8211; 10 et 11 novembre 2018"},"content":{"rendered":"<p style=\"text-align: center;\">L&#8217;Association Temps Li\u00e9s a le plaisir de vous inviter \u00e0 participer \u00e0 un stage de danse Country \u00e0 l&#8217;Ecole de Danse In\u00e8s Meury Bertaiola. Il se d\u00e9roulera sur deux jours et s&#8217;adresse \u00e0 <strong>tous les niveaux et tous les \u00e2ges<\/strong>.<\/p>\n<div style=\"text-align: center;\">Vous trouverez toutes les informations n\u00e9cessaires en cliquant <a href=\"http:\/\/temps-lies.ch\/wp-content\/uploads\/2018\/10\/Inscription.pdf\" target=\"_blank\" rel=\"noopener\">ici<\/a>.<\/div>\n<div><\/div>\n<div><a href=\"http:\/\/temps-lies.ch\/wp-content\/uploads\/2018\/10\/affiche.png\" target=\"_blank\" rel=\"noopener\"><img loading=\"lazy\" decoding=\"async\" class=\"size-medium wp-image-367 aligncenter\" src=\"http:\/\/temps-lies.ch\/wp-content\/uploads\/2018\/10\/affiche-211x300.png\" alt=\"\" width=\"211\" height=\"300\" srcset=\"https:\/\/temps-lies.ch\/wp-content\/uploads\/2018\/10\/affiche-211x300.png 211w, https:\/\/temps-lies.ch\/wp-content\/uploads\/2018\/10\/affiche.png 614w\" sizes=\"auto, (max-width: 211px) 100vw, 211px\" \/><\/a><\/div>\n<div><\/div>\n","protected":false},"excerpt":{"rendered":"<p>L&#8217;Association Temps Li\u00e9s a le plaisir de vous inviter \u00e0 participer \u00e0 un stage de danse Country \u00e0 l&#8217;Ecole de Danse In\u00e8s Meury Bertaiola. Il se d\u00e9roulera sur deux jours et s&#8217;adresse \u00e0 tous les niveaux et tous les \u00e2ges. &hellip; <a href=\"https:\/\/temps-lies.ch\/?p=364\">Continuer la lecture <span class=\"meta-nav\">&rarr;<\/span><\/a><\/p>\n","protected":false},"author":2,"featured_media":0,"comment_status":"closed","ping_status":"closed","sticky":false,"template":"","format":"standard","meta":{"footnotes":""},"categories":[1],"tags":[],"class_list":["post-364","post","type-post","status-publish","format-standard","hentry","category-uncategorized"],"_links":{"self":[{"href":"https:\/\/temps-lies.ch\/index.php?rest_route=\/wp\/v2\/posts\/364","targetHints":{"allow":["GET"]}}],"collection":[{"href":"https:\/\/temps-lies.ch\/index.php?rest_route=\/wp\/v2\/posts"}],"about":[{"href":"https:\/\/temps-lies.ch\/index.php?rest_route=\/wp\/v2\/types\/post"}],"author":[{"embeddable":true,"href":"https:\/\/temps-lies.ch\/index.php?rest_route=\/wp\/v2\/users\/2"}],"replies":[{"embeddable":true,"href":"https:\/\/temps-lies.ch\/index.php?rest_route=%2Fwp%2Fv2%2Fcomments&post=364"}],"version-history":[{"count":4,"href":"https:\/\/temps-lies.ch\/index.php?rest_route=\/wp\/v2\/posts\/364\/revisions"}],"predecessor-version":[{"id":369,"href":"https:\/\/temps-lies.ch\/index.php?rest_route=\/wp\/v2\/posts\/364\/revisions\/369"}],"wp:attachment":[{"href":"https:\/\/temps-lies.ch\/index.php?rest_route=%2Fwp%2Fv2%2Fmedia&parent=364"}],"wp:term":[{"taxonomy":"category","embeddable":true,"href":"https:\/\/temps-lies.ch\/index.php?rest_route=%2Fwp%2Fv2%2Fcategories&post=364"},{"taxonomy":"post_tag","embeddable":true,"href":"https:\/\/temps-lies.ch\/index.php?rest_route=%2Fwp%2Fv2%2Ftags&post=364"}],"curies":[{"name":"wp","href":"https:\/\/api.w.org\/{rel}","templated":true}]}}