{"id":358,"date":"2018-09-09T18:23:04","date_gmt":"2018-09-09T18:23:04","guid":{"rendered":"http:\/\/temps-lies.ch\/?p=358"},"modified":"2018-09-09T18:23:04","modified_gmt":"2018-09-09T18:23:04","slug":"spectacle-de-danse-neoclassique-contemporaine","status":"publish","type":"post","link":"https:\/\/temps-lies.ch\/?p=358","title":{"rendered":"Spectacle de danse n\u00e9oclassique \/ contemporaine"},"content":{"rendered":"<p>L\u2019Association Temps Li\u00e9s vous recommande ce spectacle de danse au forum Saint-Georges \u00e0 Del\u00e9mont, les 9 et 11 novembre prochains. En savoir plus <a href=\"http:\/\/temps-lies.ch\/wp-content\/uploads\/2018\/09\/Flyer_franz.pdf\" target=\"_blank\" rel=\"noopener\">ici<\/a>.<\/p>\n","protected":false},"excerpt":{"rendered":"<p>L\u2019Association Temps Li\u00e9s vous recommande ce spectacle de danse au forum Saint-Georges \u00e0 Del\u00e9mont, les 9 et 11 novembre prochains. En savoir plus ici.<\/p>\n","protected":false},"author":2,"featured_media":0,"comment_status":"closed","ping_status":"closed","sticky":false,"template":"","format":"standard","meta":{"footnotes":""},"categories":[1],"tags":[],"class_list":["post-358","post","type-post","status-publish","format-standard","hentry","category-uncategorized"],"_links":{"self":[{"href":"https:\/\/temps-lies.ch\/index.php?rest_route=\/wp\/v2\/posts\/358","targetHints":{"allow":["GET"]}}],"collection":[{"href":"https:\/\/temps-lies.ch\/index.php?rest_route=\/wp\/v2\/posts"}],"about":[{"href":"https:\/\/temps-lies.ch\/index.php?rest_route=\/wp\/v2\/types\/post"}],"author":[{"embeddable":true,"href":"https:\/\/temps-lies.ch\/index.php?rest_route=\/wp\/v2\/users\/2"}],"replies":[{"embeddable":true,"href":"https:\/\/temps-lies.ch\/index.php?rest_route=%2Fwp%2Fv2%2Fcomments&post=358"}],"version-history":[{"count":2,"href":"https:\/\/temps-lies.ch\/index.php?rest_route=\/wp\/v2\/posts\/358\/revisions"}],"predecessor-version":[{"id":360,"href":"https:\/\/temps-lies.ch\/index.php?rest_route=\/wp\/v2\/posts\/358\/revisions\/360"}],"wp:attachment":[{"href":"https:\/\/temps-lies.ch\/index.php?rest_route=%2Fwp%2Fv2%2Fmedia&parent=358"}],"wp:term":[{"taxonomy":"category","embeddable":true,"href":"https:\/\/temps-lies.ch\/index.php?rest_route=%2Fwp%2Fv2%2Fcategories&post=358"},{"taxonomy":"post_tag","embeddable":true,"href":"https:\/\/temps-lies.ch\/index.php?rest_route=%2Fwp%2Fv2%2Ftags&post=358"}],"curies":[{"name":"wp","href":"https:\/\/api.w.org\/{rel}","templated":true}]}}