{"id":351,"date":"2018-05-21T10:03:02","date_gmt":"2018-05-21T10:03:02","guid":{"rendered":"http:\/\/temps-lies.ch\/?p=351"},"modified":"2018-05-21T10:03:02","modified_gmt":"2018-05-21T10:03:02","slug":"proces-verbal-de-la-17eme-assemblee-generale","status":"publish","type":"post","link":"https:\/\/temps-lies.ch\/?p=351","title":{"rendered":"Proc\u00e8s-verbal de la 17\u00e8me Assembl\u00e9e g\u00e9n\u00e9rale"},"content":{"rendered":"<p>L&#8217;Association Temps Li\u00e9s a tenu sa 17\u00e8me Assembl\u00e9e g\u00e9n\u00e9rale en date du 27 avril 2018. Nous vous invitons \u00e0 consulter le proc\u00e8s-verbal en cliquant <a href=\"http:\/\/temps-lies.ch\/wp-content\/uploads\/2018\/05\/PV_AG_27.04.18.pdf\" target=\"_blank\" rel=\"noopener\">ici<\/a>.<\/p>\n","protected":false},"excerpt":{"rendered":"<p>L&#8217;Association Temps Li\u00e9s a tenu sa 17\u00e8me Assembl\u00e9e g\u00e9n\u00e9rale en date du 27 avril 2018. Nous vous invitons \u00e0 consulter le proc\u00e8s-verbal en cliquant ici.<\/p>\n","protected":false},"author":2,"featured_media":0,"comment_status":"closed","ping_status":"closed","sticky":false,"template":"","format":"standard","meta":{"footnotes":""},"categories":[1],"tags":[],"class_list":["post-351","post","type-post","status-publish","format-standard","hentry","category-uncategorized"],"_links":{"self":[{"href":"https:\/\/temps-lies.ch\/index.php?rest_route=\/wp\/v2\/posts\/351","targetHints":{"allow":["GET"]}}],"collection":[{"href":"https:\/\/temps-lies.ch\/index.php?rest_route=\/wp\/v2\/posts"}],"about":[{"href":"https:\/\/temps-lies.ch\/index.php?rest_route=\/wp\/v2\/types\/post"}],"author":[{"embeddable":true,"href":"https:\/\/temps-lies.ch\/index.php?rest_route=\/wp\/v2\/users\/2"}],"replies":[{"embeddable":true,"href":"https:\/\/temps-lies.ch\/index.php?rest_route=%2Fwp%2Fv2%2Fcomments&post=351"}],"version-history":[{"count":2,"href":"https:\/\/temps-lies.ch\/index.php?rest_route=\/wp\/v2\/posts\/351\/revisions"}],"predecessor-version":[{"id":353,"href":"https:\/\/temps-lies.ch\/index.php?rest_route=\/wp\/v2\/posts\/351\/revisions\/353"}],"wp:attachment":[{"href":"https:\/\/temps-lies.ch\/index.php?rest_route=%2Fwp%2Fv2%2Fmedia&parent=351"}],"wp:term":[{"taxonomy":"category","embeddable":true,"href":"https:\/\/temps-lies.ch\/index.php?rest_route=%2Fwp%2Fv2%2Fcategories&post=351"},{"taxonomy":"post_tag","embeddable":true,"href":"https:\/\/temps-lies.ch\/index.php?rest_route=%2Fwp%2Fv2%2Ftags&post=351"}],"curies":[{"name":"wp","href":"https:\/\/api.w.org\/{rel}","templated":true}]}}