{"id":345,"date":"2017-05-02T19:36:51","date_gmt":"2017-05-02T19:36:51","guid":{"rendered":"http:\/\/temps-lies.ch\/?p=345"},"modified":"2017-05-02T19:36:51","modified_gmt":"2017-05-02T19:36:51","slug":"stage-dete-2017","status":"publish","type":"post","link":"https:\/\/temps-lies.ch\/?p=345","title":{"rendered":"Stage d&#8217;\u00e9t\u00e9 2017"},"content":{"rendered":"<p style=\"text-align: center;\">Nous aurons le plaisir d&#8217;accueillir Luce Bron, ancienne \u00e9l\u00e8ve de l&#8217;Ecole de Danse In\u00e8s Meury Bertaiola, qui dispensera le stage d&#8217;\u00e9t\u00e9 cette ann\u00e9e.<\/p>\n<p><img loading=\"lazy\" decoding=\"async\" class=\"size-medium wp-image-344 aligncenter\" src=\"http:\/\/temps-lies.ch\/wp-content\/uploads\/2017\/05\/affiche-stage-Luce-Bron-2017-JPEG_page_001-300x212.jpg\" alt=\"\" width=\"300\" height=\"212\" srcset=\"https:\/\/temps-lies.ch\/wp-content\/uploads\/2017\/05\/affiche-stage-Luce-Bron-2017-JPEG_page_001-300x212.jpg 300w, https:\/\/temps-lies.ch\/wp-content\/uploads\/2017\/05\/affiche-stage-Luce-Bron-2017-JPEG_page_001-768x543.jpg 768w, https:\/\/temps-lies.ch\/wp-content\/uploads\/2017\/05\/affiche-stage-Luce-Bron-2017-JPEG_page_001-425x300.jpg 425w, https:\/\/temps-lies.ch\/wp-content\/uploads\/2017\/05\/affiche-stage-Luce-Bron-2017-JPEG_page_001.jpg 842w\" sizes=\"auto, (max-width: 300px) 100vw, 300px\" \/><\/p>\n<p>D\u00e8s 10 ans, vous pourrez profiter de cours de modern-jazz et chor\u00e9graphies, durant trois jours.<\/p>\n<p>Dates : 17 au 19 ao\u00fbt 2017<br \/>\nD\u00e9lai d&#8217;inscription : 31 mai 2017<\/p>\n<p>Informations, prix et inscription : <a href=\"http:\/\/temps-lies.ch\/wp-content\/uploads\/2017\/05\/Inscription-stage-Luce-Bron-2017.pdf\" target=\"_blank\" rel=\"noopener noreferrer\">ici<\/a><\/p>\n","protected":false},"excerpt":{"rendered":"<p>Nous aurons le plaisir d&#8217;accueillir Luce Bron, ancienne \u00e9l\u00e8ve de l&#8217;Ecole de Danse In\u00e8s Meury Bertaiola, qui dispensera le stage d&#8217;\u00e9t\u00e9 cette ann\u00e9e. D\u00e8s 10 ans, vous pourrez profiter de cours de modern-jazz et chor\u00e9graphies, durant trois jours. Dates : &hellip; <a href=\"https:\/\/temps-lies.ch\/?p=345\">Continuer la lecture <span class=\"meta-nav\">&rarr;<\/span><\/a><\/p>\n","protected":false},"author":2,"featured_media":0,"comment_status":"closed","ping_status":"closed","sticky":false,"template":"","format":"standard","meta":{"footnotes":""},"categories":[1],"tags":[],"class_list":["post-345","post","type-post","status-publish","format-standard","hentry","category-uncategorized"],"_links":{"self":[{"href":"https:\/\/temps-lies.ch\/index.php?rest_route=\/wp\/v2\/posts\/345","targetHints":{"allow":["GET"]}}],"collection":[{"href":"https:\/\/temps-lies.ch\/index.php?rest_route=\/wp\/v2\/posts"}],"about":[{"href":"https:\/\/temps-lies.ch\/index.php?rest_route=\/wp\/v2\/types\/post"}],"author":[{"embeddable":true,"href":"https:\/\/temps-lies.ch\/index.php?rest_route=\/wp\/v2\/users\/2"}],"replies":[{"embeddable":true,"href":"https:\/\/temps-lies.ch\/index.php?rest_route=%2Fwp%2Fv2%2Fcomments&post=345"}],"version-history":[{"count":3,"href":"https:\/\/temps-lies.ch\/index.php?rest_route=\/wp\/v2\/posts\/345\/revisions"}],"predecessor-version":[{"id":348,"href":"https:\/\/temps-lies.ch\/index.php?rest_route=\/wp\/v2\/posts\/345\/revisions\/348"}],"wp:attachment":[{"href":"https:\/\/temps-lies.ch\/index.php?rest_route=%2Fwp%2Fv2%2Fmedia&parent=345"}],"wp:term":[{"taxonomy":"category","embeddable":true,"href":"https:\/\/temps-lies.ch\/index.php?rest_route=%2Fwp%2Fv2%2Fcategories&post=345"},{"taxonomy":"post_tag","embeddable":true,"href":"https:\/\/temps-lies.ch\/index.php?rest_route=%2Fwp%2Fv2%2Ftags&post=345"}],"curies":[{"name":"wp","href":"https:\/\/api.w.org\/{rel}","templated":true}]}}