{"id":339,"date":"2017-05-02T19:01:25","date_gmt":"2017-05-02T19:01:25","guid":{"rendered":"http:\/\/temps-lies.ch\/?p=339"},"modified":"2017-05-02T19:03:33","modified_gmt":"2017-05-02T19:03:33","slug":"fete-de-la-danse-samedi-6-mai-2017","status":"publish","type":"post","link":"https:\/\/temps-lies.ch\/?p=339","title":{"rendered":"F\u00eate de la Danse &#8211; Samedi 6 mai 2017"},"content":{"rendered":"<p>Cette ann\u00e9e encore, la danse sera c\u00e9l\u00e9br\u00e9e \u00e0 l&#8217;Ecole de Danse In\u00e8s Meury Bertaiola. Venez nombreuses et nombreux participer aux cours dispens\u00e9s tout au long de la journ\u00e9e&#8230; Gratuitement!<\/p>\n<p>Classique, contemporain, moderne&#8230; Il y en a pour tous les go\u00fbts!<\/p>\n<p>N&#8217;h\u00e9sitez plus et rejoignez-nous ce samedi 6 mai d\u00e8s 10h! Plus d&#8217;informations en cliquant <a href=\"http:\/\/temps-lies.ch\/wp-content\/uploads\/2017\/05\/Flyers-F\u00eate-de-la-danse-2017.pdf\" target=\"_blank\" rel=\"noopener noreferrer\">ici<\/a>.<\/p>\n<p>&nbsp;<\/p>\n","protected":false},"excerpt":{"rendered":"<p>Cette ann\u00e9e encore, la danse sera c\u00e9l\u00e9br\u00e9e \u00e0 l&#8217;Ecole de Danse In\u00e8s Meury Bertaiola. Venez nombreuses et nombreux participer aux cours dispens\u00e9s tout au long de la journ\u00e9e&#8230; Gratuitement! Classique, contemporain, moderne&#8230; Il y en a pour tous les go\u00fbts! &hellip; <a href=\"https:\/\/temps-lies.ch\/?p=339\">Continuer la lecture <span class=\"meta-nav\">&rarr;<\/span><\/a><\/p>\n","protected":false},"author":2,"featured_media":0,"comment_status":"closed","ping_status":"closed","sticky":false,"template":"","format":"standard","meta":{"footnotes":""},"categories":[1],"tags":[],"class_list":["post-339","post","type-post","status-publish","format-standard","hentry","category-uncategorized"],"_links":{"self":[{"href":"https:\/\/temps-lies.ch\/index.php?rest_route=\/wp\/v2\/posts\/339","targetHints":{"allow":["GET"]}}],"collection":[{"href":"https:\/\/temps-lies.ch\/index.php?rest_route=\/wp\/v2\/posts"}],"about":[{"href":"https:\/\/temps-lies.ch\/index.php?rest_route=\/wp\/v2\/types\/post"}],"author":[{"embeddable":true,"href":"https:\/\/temps-lies.ch\/index.php?rest_route=\/wp\/v2\/users\/2"}],"replies":[{"embeddable":true,"href":"https:\/\/temps-lies.ch\/index.php?rest_route=%2Fwp%2Fv2%2Fcomments&post=339"}],"version-history":[{"count":4,"href":"https:\/\/temps-lies.ch\/index.php?rest_route=\/wp\/v2\/posts\/339\/revisions"}],"predecessor-version":[{"id":343,"href":"https:\/\/temps-lies.ch\/index.php?rest_route=\/wp\/v2\/posts\/339\/revisions\/343"}],"wp:attachment":[{"href":"https:\/\/temps-lies.ch\/index.php?rest_route=%2Fwp%2Fv2%2Fmedia&parent=339"}],"wp:term":[{"taxonomy":"category","embeddable":true,"href":"https:\/\/temps-lies.ch\/index.php?rest_route=%2Fwp%2Fv2%2Fcategories&post=339"},{"taxonomy":"post_tag","embeddable":true,"href":"https:\/\/temps-lies.ch\/index.php?rest_route=%2Fwp%2Fv2%2Ftags&post=339"}],"curies":[{"name":"wp","href":"https:\/\/api.w.org\/{rel}","templated":true}]}}