{"id":332,"date":"2017-05-01T19:41:37","date_gmt":"2017-05-01T19:41:37","guid":{"rendered":"http:\/\/temps-lies.ch\/?p=332"},"modified":"2017-05-01T19:41:37","modified_gmt":"2017-05-01T19:41:37","slug":"16eme-assemblee-generale","status":"publish","type":"post","link":"https:\/\/temps-lies.ch\/?p=332","title":{"rendered":"16\u00e8me Assembl\u00e9e g\u00e9n\u00e9rale"},"content":{"rendered":"<p>L&#8217;Association Temps Li\u00e9s a tenu sa 16\u00e8me assembl\u00e9e g\u00e9n\u00e9rale le 24 mars dernier, dans les locaux de l&#8217;Ecole de Danse In\u00e8s Meury Bertaiola.<\/p>\n<p>Nous vous invitons \u00e0 prendre connaissance du <a href=\"http:\/\/temps-lies.ch\/wp-content\/uploads\/2017\/05\/PV_AG_24.03.17.pdf\" target=\"_blank\" rel=\"noopener noreferrer\">proc\u00e8s-verbal<\/a> qui vous offre une belle r\u00e9trospective des activit\u00e9s de l&#8217;ann\u00e9e 2016.<\/p>\n","protected":false},"excerpt":{"rendered":"<p>L&#8217;Association Temps Li\u00e9s a tenu sa 16\u00e8me assembl\u00e9e g\u00e9n\u00e9rale le 24 mars dernier, dans les locaux de l&#8217;Ecole de Danse In\u00e8s Meury Bertaiola. Nous vous invitons \u00e0 prendre connaissance du proc\u00e8s-verbal qui vous offre une belle r\u00e9trospective des activit\u00e9s de &hellip; <a href=\"https:\/\/temps-lies.ch\/?p=332\">Continuer la lecture <span class=\"meta-nav\">&rarr;<\/span><\/a><\/p>\n","protected":false},"author":2,"featured_media":0,"comment_status":"closed","ping_status":"closed","sticky":false,"template":"","format":"standard","meta":{"footnotes":""},"categories":[1],"tags":[],"class_list":["post-332","post","type-post","status-publish","format-standard","hentry","category-uncategorized"],"_links":{"self":[{"href":"https:\/\/temps-lies.ch\/index.php?rest_route=\/wp\/v2\/posts\/332","targetHints":{"allow":["GET"]}}],"collection":[{"href":"https:\/\/temps-lies.ch\/index.php?rest_route=\/wp\/v2\/posts"}],"about":[{"href":"https:\/\/temps-lies.ch\/index.php?rest_route=\/wp\/v2\/types\/post"}],"author":[{"embeddable":true,"href":"https:\/\/temps-lies.ch\/index.php?rest_route=\/wp\/v2\/users\/2"}],"replies":[{"embeddable":true,"href":"https:\/\/temps-lies.ch\/index.php?rest_route=%2Fwp%2Fv2%2Fcomments&post=332"}],"version-history":[{"count":2,"href":"https:\/\/temps-lies.ch\/index.php?rest_route=\/wp\/v2\/posts\/332\/revisions"}],"predecessor-version":[{"id":334,"href":"https:\/\/temps-lies.ch\/index.php?rest_route=\/wp\/v2\/posts\/332\/revisions\/334"}],"wp:attachment":[{"href":"https:\/\/temps-lies.ch\/index.php?rest_route=%2Fwp%2Fv2%2Fmedia&parent=332"}],"wp:term":[{"taxonomy":"category","embeddable":true,"href":"https:\/\/temps-lies.ch\/index.php?rest_route=%2Fwp%2Fv2%2Fcategories&post=332"},{"taxonomy":"post_tag","embeddable":true,"href":"https:\/\/temps-lies.ch\/index.php?rest_route=%2Fwp%2Fv2%2Ftags&post=332"}],"curies":[{"name":"wp","href":"https:\/\/api.w.org\/{rel}","templated":true}]}}