{"id":222,"date":"2017-01-06T20:31:39","date_gmt":"2017-01-06T20:31:39","guid":{"rendered":"http:\/\/temps-lies.ch\/?p=222"},"modified":"2017-02-21T22:06:19","modified_gmt":"2017-02-21T22:06:19","slug":"spectacle-2016-le-diamant-bleu","status":"publish","type":"post","link":"https:\/\/temps-lies.ch\/?p=222","title":{"rendered":"Spectacle 2016 &#8211; Le Diamant Bleu"},"content":{"rendered":"<p>Nous f\u00e9licitons l&#8217;EDIMB pour son magnifique spectacle classique et contemporain, que nous avons eu grand plaisir \u00e0 d\u00e9couvrir en septembre dernier. Les chor\u00e9graphies, les costumes et le talent des danseuses et danseurs nous ont ravis. F\u00e9licitations \u00e0 toutes et tous! (<a href=\"http:\/\/temps-lies.ch\/?page_id=161\">voir photos<\/a>)<\/p>\n","protected":false},"excerpt":{"rendered":"<p>Nous f\u00e9licitons l&#8217;EDIMB pour son magnifique spectacle classique et contemporain, que nous avons eu grand plaisir \u00e0 d\u00e9couvrir en septembre dernier. Les chor\u00e9graphies, les costumes et le talent des danseuses et danseurs nous ont ravis. F\u00e9licitations \u00e0 toutes et tous! &hellip; <a href=\"https:\/\/temps-lies.ch\/?p=222\">Continuer la lecture <span class=\"meta-nav\">&rarr;<\/span><\/a><\/p>\n","protected":false},"author":2,"featured_media":0,"comment_status":"closed","ping_status":"closed","sticky":false,"template":"","format":"standard","meta":{"footnotes":""},"categories":[1],"tags":[],"class_list":["post-222","post","type-post","status-publish","format-standard","hentry","category-uncategorized"],"_links":{"self":[{"href":"https:\/\/temps-lies.ch\/index.php?rest_route=\/wp\/v2\/posts\/222","targetHints":{"allow":["GET"]}}],"collection":[{"href":"https:\/\/temps-lies.ch\/index.php?rest_route=\/wp\/v2\/posts"}],"about":[{"href":"https:\/\/temps-lies.ch\/index.php?rest_route=\/wp\/v2\/types\/post"}],"author":[{"embeddable":true,"href":"https:\/\/temps-lies.ch\/index.php?rest_route=\/wp\/v2\/users\/2"}],"replies":[{"embeddable":true,"href":"https:\/\/temps-lies.ch\/index.php?rest_route=%2Fwp%2Fv2%2Fcomments&post=222"}],"version-history":[{"count":3,"href":"https:\/\/temps-lies.ch\/index.php?rest_route=\/wp\/v2\/posts\/222\/revisions"}],"predecessor-version":[{"id":291,"href":"https:\/\/temps-lies.ch\/index.php?rest_route=\/wp\/v2\/posts\/222\/revisions\/291"}],"wp:attachment":[{"href":"https:\/\/temps-lies.ch\/index.php?rest_route=%2Fwp%2Fv2%2Fmedia&parent=222"}],"wp:term":[{"taxonomy":"category","embeddable":true,"href":"https:\/\/temps-lies.ch\/index.php?rest_route=%2Fwp%2Fv2%2Fcategories&post=222"},{"taxonomy":"post_tag","embeddable":true,"href":"https:\/\/temps-lies.ch\/index.php?rest_route=%2Fwp%2Fv2%2Ftags&post=222"}],"curies":[{"name":"wp","href":"https:\/\/api.w.org\/{rel}","templated":true}]}}