{"id":18,"date":"2016-09-08T16:37:53","date_gmt":"2016-09-08T16:37:53","guid":{"rendered":"http:\/\/temps-lies.ch\/?p=18"},"modified":"2017-02-21T21:57:40","modified_gmt":"2017-02-21T21:57:40","slug":"nos-efforts-ont-ete-recompenses","status":"publish","type":"post","link":"https:\/\/temps-lies.ch\/?p=18","title":{"rendered":"Nos efforts ont \u00e9t\u00e9 r\u00e9compens\u00e9s !"},"content":{"rendered":"<p>Nous avons le plaisir et l\u2019honneur de vous annoncer que notre association a \u00e9t\u00e9 d\u00e9sign\u00e9e <strong>\u00ab\u00a0association sportive m\u00e9ritante\u00a0\u00bb de la ville de Del\u00e9mont pour l\u2019ann\u00e9e 2015<\/strong>.<\/p>\n<p>Nous sommes ravis d\u2019avoir re\u00e7u cette distinction le\u00a0samedi 16 avril 2016 dans le cadre du Salon interjurassien de la formation.<\/p>\n<p>Nous f\u00e9licitons \u00e9galement vivement <strong>Lucia Andres, L\u00e9a Maffei et Lina Bladh<\/strong> qui ont \u00e9t\u00e9 \u00e9lues sportives m\u00e9ritantes de Del\u00e9mont, en cat\u00e9gorie \u00ab\u00a0Espoir\u00a0\u00bb. (cf <a href=\"http:\/\/temps-lies.ch\/wp-content\/uploads\/2017\/02\/Sportifs-m\u00e9ritants-2015.jpg\" target=\"_blank\">article<\/a>)<\/p>\n","protected":false},"excerpt":{"rendered":"<p>Nous avons le plaisir et l\u2019honneur de vous annoncer que notre association a \u00e9t\u00e9 d\u00e9sign\u00e9e \u00ab\u00a0association sportive m\u00e9ritante\u00a0\u00bb de la ville de Del\u00e9mont pour l\u2019ann\u00e9e 2015. Nous sommes ravis d\u2019avoir re\u00e7u cette distinction le\u00a0samedi 16 avril 2016 dans le cadre &hellip; <a href=\"https:\/\/temps-lies.ch\/?p=18\">Continuer la lecture <span class=\"meta-nav\">&rarr;<\/span><\/a><\/p>\n","protected":false},"author":2,"featured_media":0,"comment_status":"open","ping_status":"open","sticky":false,"template":"","format":"standard","meta":{"footnotes":""},"categories":[1],"tags":[],"class_list":["post-18","post","type-post","status-publish","format-standard","hentry","category-uncategorized"],"_links":{"self":[{"href":"https:\/\/temps-lies.ch\/index.php?rest_route=\/wp\/v2\/posts\/18","targetHints":{"allow":["GET"]}}],"collection":[{"href":"https:\/\/temps-lies.ch\/index.php?rest_route=\/wp\/v2\/posts"}],"about":[{"href":"https:\/\/temps-lies.ch\/index.php?rest_route=\/wp\/v2\/types\/post"}],"author":[{"embeddable":true,"href":"https:\/\/temps-lies.ch\/index.php?rest_route=\/wp\/v2\/users\/2"}],"replies":[{"embeddable":true,"href":"https:\/\/temps-lies.ch\/index.php?rest_route=%2Fwp%2Fv2%2Fcomments&post=18"}],"version-history":[{"count":2,"href":"https:\/\/temps-lies.ch\/index.php?rest_route=\/wp\/v2\/posts\/18\/revisions"}],"predecessor-version":[{"id":287,"href":"https:\/\/temps-lies.ch\/index.php?rest_route=\/wp\/v2\/posts\/18\/revisions\/287"}],"wp:attachment":[{"href":"https:\/\/temps-lies.ch\/index.php?rest_route=%2Fwp%2Fv2%2Fmedia&parent=18"}],"wp:term":[{"taxonomy":"category","embeddable":true,"href":"https:\/\/temps-lies.ch\/index.php?rest_route=%2Fwp%2Fv2%2Fcategories&post=18"},{"taxonomy":"post_tag","embeddable":true,"href":"https:\/\/temps-lies.ch\/index.php?rest_route=%2Fwp%2Fv2%2Ftags&post=18"}],"curies":[{"name":"wp","href":"https:\/\/api.w.org\/{rel}","templated":true}]}}