{"id":16,"date":"2016-09-08T16:37:20","date_gmt":"2016-09-08T16:37:20","guid":{"rendered":"http:\/\/temps-lies.ch\/?p=16"},"modified":"2017-02-22T18:35:55","modified_gmt":"2017-02-22T18:35:55","slug":"felicitations-aux-danseuses-de-ledimb","status":"publish","type":"post","link":"https:\/\/temps-lies.ch\/?p=16","title":{"rendered":"F\u00e9licitations aux danseuses de l\u2019EDIMB"},"content":{"rendered":"<p class=\"style202\">Les \u00e9l\u00e8ves de l\u2019Ecole de Danse In\u00e8s Meury Bertaiola participent r\u00e9guli\u00e8rement \u00e0 des concours et stages internationaux (cf <a href=\"http:\/\/www.danse-jura.ch\/morges-15.html\" target=\"_blank\">article<\/a>). Les r\u00e9sultats sont superbes, nous les remercions de repr\u00e9senter notre r\u00e9gion lors de ces \u00e9v\u00e9nements !<\/p>\n<p class=\"style202\"><strong><i><u>2016 :<\/u><\/i><\/strong><\/p>\n<p class=\"style202\"><strong>Russian Master Ballet Camp<\/strong><span class=\"apple-style-span\">\u00a0:<\/span><br \/>\n<span class=\"apple-style-span\">Bonne nouvelle pour Lucia Andres 12 ans. En f\u00e9vrier 2016, elle a \u00e9t\u00e9 s\u00e9lectionn\u00e9e pour participer, cet \u00e9t\u00e9, \u00e0 trois semaines de stage \u00e0 Alicante en Espagne.\u00a0Ce stage, dispens\u00e9 par les professeurs de l\u2019Acad\u00e9mie Vaganova de St-P\u00e9tersbourg, se terminera par deux soir\u00e9es de gala avec les danseurs du Mariinski. Gala auquel Lucia aura la chance de participer ! Bravo \u00e0 cette \u00e9l\u00e8ve prometteuse.\u00a0<\/span><\/p>\n<p class=\"style202\">F\u00e9licitations \u00e0 L\u00e9ane Voisard qui participera pour la seconde fois au\u00a0<strong>stage de danse de l\u2019Op\u00e9ra national de Paris<\/strong> en \u00e9t\u00e9 2016. S\u00e9lectionn\u00e9e parmi 500 concurents, cette jeune \u00e9l\u00e8ve de 13 ans s\u2019est particuli\u00e8rement bien distingu\u00e9e (cf <a href=\"http:\/\/www.danse-jura.ch\/leane-15.html\" target=\"_blank\">article<\/a>).\u00a0F\u00e9licitations encore \u00e0 cette jeune \u00e9l\u00e8ve de 13 ans pour son\u00a0<strong>3\u00e8me Prix au Concours international de F\u00fcrth\u00a0en Allemagne<\/strong>.<\/p>\n<p class=\"style202\"><strong>Concours international de danse de Toulon 2016\u00a0<\/strong><span class=\"apple-style-span\">:<\/span><br \/>\n<span class=\"apple-style-span\">L\u00e9na Lachat, premi\u00e8re mention; L\u00e9ane Voisard, m\u00e9daille de bronze; Lucia Andres, m\u00e9daille de bronze et Audrey Hubleur, m\u00e9daille d\u2019argent. F\u00e9licitations ! (cf <a href=\"http:\/\/temps-lies.ch\/wp-content\/uploads\/2017\/02\/Concours-Toulon2.jpg\" target=\"_blank\">article<\/a>)<\/span><\/p>\n<p><strong><em><u>2015:<\/u><\/em><\/strong><\/p>\n<p><span class=\"style188\">F\u00e9licitations \u00e0 L\u00e9ane Voisard, Lucia Andres et L\u00e9na Lachat !<\/span><br \/>\n<strong>R\u00e9sultats: De l\u2019or, de l\u2019argent et du bronze.\u00a0<\/strong><span class=\"style188\">S\u00e9lectionn\u00e9es \u00e0 la finale du 1er <\/span><strong>Grand prix de jeunes talents classiques<\/strong><span class=\"style188\">, le 22 novembre, \u00e0 Palexpo Gen\u00e8ve. (cf <a href=\"http:\/\/temps-lies.ch\/wp-content\/uploads\/2017\/02\/Grand-Prix-des-Jeunes-Talents.pdf\" target=\"_blank\">articles<\/a>)<br \/>\n<\/span><\/p>\n<p class=\"style202\">F\u00e9licitations \u00e0 Audrey Hubleur, finaliste au <strong>Concours international de danse de Plan- Les-Ouates-Gen\u00e8ve<\/strong>. (cf <a href=\"http:\/\/temps-lies.ch\/wp-content\/uploads\/2017\/02\/Concours-Audrey.jpg\" target=\"_blank\">article<\/a>)<\/p>\n<p>Nous rappelons \u00e9galement ici le succ\u00e8s de Lucia Andres, 11 ans, avec sa m\u00e9daille d\u2019argent en cat\u00e9gorie 1 au <strong>Concours de danse classique \u00e0 Augsburg, Allemagne. <\/strong>(cf <a href=\"http:\/\/temps-lies.ch\/wp-content\/uploads\/2017\/02\/Concours-Augsburg.jpg\" target=\"_blank\">article<\/a>)<\/p>\n","protected":false},"excerpt":{"rendered":"<p>Les \u00e9l\u00e8ves de l\u2019Ecole de Danse In\u00e8s Meury Bertaiola participent r\u00e9guli\u00e8rement \u00e0 des concours et stages internationaux (cf article). Les r\u00e9sultats sont superbes, nous les remercions de repr\u00e9senter notre r\u00e9gion lors de ces \u00e9v\u00e9nements ! 2016 : Russian Master Ballet &hellip; <a href=\"https:\/\/temps-lies.ch\/?p=16\">Continuer la lecture <span class=\"meta-nav\">&rarr;<\/span><\/a><\/p>\n","protected":false},"author":2,"featured_media":0,"comment_status":"open","ping_status":"open","sticky":false,"template":"","format":"standard","meta":{"footnotes":""},"categories":[1],"tags":[],"class_list":["post-16","post","type-post","status-publish","format-standard","hentry","category-uncategorized"],"_links":{"self":[{"href":"https:\/\/temps-lies.ch\/index.php?rest_route=\/wp\/v2\/posts\/16","targetHints":{"allow":["GET"]}}],"collection":[{"href":"https:\/\/temps-lies.ch\/index.php?rest_route=\/wp\/v2\/posts"}],"about":[{"href":"https:\/\/temps-lies.ch\/index.php?rest_route=\/wp\/v2\/types\/post"}],"author":[{"embeddable":true,"href":"https:\/\/temps-lies.ch\/index.php?rest_route=\/wp\/v2\/users\/2"}],"replies":[{"embeddable":true,"href":"https:\/\/temps-lies.ch\/index.php?rest_route=%2Fwp%2Fv2%2Fcomments&post=16"}],"version-history":[{"count":12,"href":"https:\/\/temps-lies.ch\/index.php?rest_route=\/wp\/v2\/posts\/16\/revisions"}],"predecessor-version":[{"id":315,"href":"https:\/\/temps-lies.ch\/index.php?rest_route=\/wp\/v2\/posts\/16\/revisions\/315"}],"wp:attachment":[{"href":"https:\/\/temps-lies.ch\/index.php?rest_route=%2Fwp%2Fv2%2Fmedia&parent=16"}],"wp:term":[{"taxonomy":"category","embeddable":true,"href":"https:\/\/temps-lies.ch\/index.php?rest_route=%2Fwp%2Fv2%2Fcategories&post=16"},{"taxonomy":"post_tag","embeddable":true,"href":"https:\/\/temps-lies.ch\/index.php?rest_route=%2Fwp%2Fv2%2Ftags&post=16"}],"curies":[{"name":"wp","href":"https:\/\/api.w.org\/{rel}","templated":true}]}}