{"id":14,"date":"2016-09-08T16:36:43","date_gmt":"2016-09-08T16:36:43","guid":{"rendered":"http:\/\/temps-lies.ch\/?p=14"},"modified":"2017-02-21T22:02:26","modified_gmt":"2017-02-21T22:02:26","slug":"proces-verbal-de-lassemblee-generale-2015","status":"publish","type":"post","link":"https:\/\/temps-lies.ch\/?p=14","title":{"rendered":"Proc\u00e8s-verbal de l\u2019Assembl\u00e9e g\u00e9n\u00e9rale 2015"},"content":{"rendered":"<p>L\u2019Association Temps Li\u00e9s a tenu sa 15\u00e8me Assembl\u00e9e g\u00e9n\u00e9rale le vendredi 11 mars dernier. Vous pouvez consulter le proc\u00e8s-verbal en cliquant <a href=\"http:\/\/temps-lies.ch\/wp-content\/uploads\/2017\/02\/PV_AG_2015.pdf\" target=\"_blank\">ici<\/a>.<\/p>\n","protected":false},"excerpt":{"rendered":"<p>L\u2019Association Temps Li\u00e9s a tenu sa 15\u00e8me Assembl\u00e9e g\u00e9n\u00e9rale le vendredi 11 mars dernier. Vous pouvez consulter le proc\u00e8s-verbal en cliquant ici.<\/p>\n","protected":false},"author":2,"featured_media":0,"comment_status":"open","ping_status":"open","sticky":false,"template":"","format":"standard","meta":{"footnotes":""},"categories":[1],"tags":[],"class_list":["post-14","post","type-post","status-publish","format-standard","hentry","category-uncategorized"],"_links":{"self":[{"href":"https:\/\/temps-lies.ch\/index.php?rest_route=\/wp\/v2\/posts\/14","targetHints":{"allow":["GET"]}}],"collection":[{"href":"https:\/\/temps-lies.ch\/index.php?rest_route=\/wp\/v2\/posts"}],"about":[{"href":"https:\/\/temps-lies.ch\/index.php?rest_route=\/wp\/v2\/types\/post"}],"author":[{"embeddable":true,"href":"https:\/\/temps-lies.ch\/index.php?rest_route=\/wp\/v2\/users\/2"}],"replies":[{"embeddable":true,"href":"https:\/\/temps-lies.ch\/index.php?rest_route=%2Fwp%2Fv2%2Fcomments&post=14"}],"version-history":[{"count":2,"href":"https:\/\/temps-lies.ch\/index.php?rest_route=\/wp\/v2\/posts\/14\/revisions"}],"predecessor-version":[{"id":289,"href":"https:\/\/temps-lies.ch\/index.php?rest_route=\/wp\/v2\/posts\/14\/revisions\/289"}],"wp:attachment":[{"href":"https:\/\/temps-lies.ch\/index.php?rest_route=%2Fwp%2Fv2%2Fmedia&parent=14"}],"wp:term":[{"taxonomy":"category","embeddable":true,"href":"https:\/\/temps-lies.ch\/index.php?rest_route=%2Fwp%2Fv2%2Fcategories&post=14"},{"taxonomy":"post_tag","embeddable":true,"href":"https:\/\/temps-lies.ch\/index.php?rest_route=%2Fwp%2Fv2%2Ftags&post=14"}],"curies":[{"name":"wp","href":"https:\/\/api.w.org\/{rel}","templated":true}]}}