{"id":11,"date":"2016-09-08T16:35:52","date_gmt":"2016-09-08T16:35:52","guid":{"rendered":"http:\/\/temps-lies.ch\/?p=11"},"modified":"2016-09-08T16:35:52","modified_gmt":"2016-09-08T16:35:52","slug":"grand-spectacle-de-ledimb","status":"publish","type":"post","link":"https:\/\/temps-lies.ch\/?p=11","title":{"rendered":"Grand spectacle de l\u2019EDIMB"},"content":{"rendered":"<p>L\u2019Ecole de Danse In\u00e8s Meury Bertaiola (EDIMB) organise son futur spectacle. Une belle histoire, rythm\u00e9e par de la musique classique, vous sera pr\u00e9sent\u00e9e les :<\/p>\n<p style=\"text-align: center;\" align=\"center\"><strong>2, 3, 9, 10, 16 et 17 septembre 2016 \u00e0 20h,<\/strong><b><br \/>\n<strong>ainsi que les 4, 11 et 18 septembre 2016 \u00e0 15h,<\/strong><br \/>\n<strong>\u00e0 la salle St-Georges \u00e0 Del\u00e9mont.<\/strong><\/b><\/p>\n<p>R\u00e9servez d\u2019ores-et-d\u00e9j\u00e0 ces dates dans vos agendas, venez d\u00e9couvrir les chor\u00e9graphies classiques et contemporaines r\u00e9alis\u00e9es par les quatre professeurs de l\u2019EDIMB. Avec pas loin d\u2019une ann\u00e9e de pr\u00e9paration pour l\u2019ensemble de l\u2019\u00e9cole, le spectacle risque d\u2019\u00eatre magnifique\u2026 Alors \u00e0 vos agendas, pr\u00eats, notez!<\/p>\n","protected":false},"excerpt":{"rendered":"<p>L\u2019Ecole de Danse In\u00e8s Meury Bertaiola (EDIMB) organise son futur spectacle. Une belle histoire, rythm\u00e9e par de la musique classique, vous sera pr\u00e9sent\u00e9e les : 2, 3, 9, 10, 16 et 17 septembre 2016 \u00e0 20h, ainsi que les 4, &hellip; <a href=\"https:\/\/temps-lies.ch\/?p=11\">Continuer la lecture <span class=\"meta-nav\">&rarr;<\/span><\/a><\/p>\n","protected":false},"author":2,"featured_media":0,"comment_status":"open","ping_status":"open","sticky":false,"template":"","format":"standard","meta":{"footnotes":""},"categories":[1],"tags":[],"class_list":["post-11","post","type-post","status-publish","format-standard","hentry","category-uncategorized"],"_links":{"self":[{"href":"https:\/\/temps-lies.ch\/index.php?rest_route=\/wp\/v2\/posts\/11","targetHints":{"allow":["GET"]}}],"collection":[{"href":"https:\/\/temps-lies.ch\/index.php?rest_route=\/wp\/v2\/posts"}],"about":[{"href":"https:\/\/temps-lies.ch\/index.php?rest_route=\/wp\/v2\/types\/post"}],"author":[{"embeddable":true,"href":"https:\/\/temps-lies.ch\/index.php?rest_route=\/wp\/v2\/users\/2"}],"replies":[{"embeddable":true,"href":"https:\/\/temps-lies.ch\/index.php?rest_route=%2Fwp%2Fv2%2Fcomments&post=11"}],"version-history":[{"count":1,"href":"https:\/\/temps-lies.ch\/index.php?rest_route=\/wp\/v2\/posts\/11\/revisions"}],"predecessor-version":[{"id":13,"href":"https:\/\/temps-lies.ch\/index.php?rest_route=\/wp\/v2\/posts\/11\/revisions\/13"}],"wp:attachment":[{"href":"https:\/\/temps-lies.ch\/index.php?rest_route=%2Fwp%2Fv2%2Fmedia&parent=11"}],"wp:term":[{"taxonomy":"category","embeddable":true,"href":"https:\/\/temps-lies.ch\/index.php?rest_route=%2Fwp%2Fv2%2Fcategories&post=11"},{"taxonomy":"post_tag","embeddable":true,"href":"https:\/\/temps-lies.ch\/index.php?rest_route=%2Fwp%2Fv2%2Ftags&post=11"}],"curies":[{"name":"wp","href":"https:\/\/api.w.org\/{rel}","templated":true}]}}